{"id":290307,"date":"2026-09-03T21:07:11","date_gmt":"2026-09-03T21:07:11","guid":{"rendered":"https:\/\/www.europesays.com\/ch-fr\/290307\/"},"modified":"2026-09-03T21:07:11","modified_gmt":"2026-09-03T21:07:11","slug":"les-cinemas-independants-genevois-boycottent-allianz","status":"publish","type":"post","link":"https:\/\/www.europesays.com\/ch-fr\/290307\/","title":{"rendered":"Les cin\u00e9mas ind\u00e9pendants genevois boycottent Allianz"},"content":{"rendered":"<p>Un sponsor qui fait pol\u00e9mique pour la Journ\u00e9e du cin\u00e9ma. Comme l\u2019an dernier, le financement de l\u2019\u00e9v\u00e9nement par l\u2019assureur Allianz est d\u00e9nonc\u00e9 par BDS (Boycott, D\u00e9sinvestissement et Sanctions) Suisse, qui appelle \u00e0 nouveau la population et les cin\u00e9mas nationaux au boycott ce dimanche 6 septembre. La raison: le groupe d\u2019assurances allemand est vis\u00e9 par plusieurs [\u2026]<\/p>\n","protected":false},"excerpt":{"rendered":"Un sponsor qui fait pol\u00e9mique pour la Journ\u00e9e du cin\u00e9ma. Comme l\u2019an dernier, le financement de l\u2019\u00e9v\u00e9nement par&hellip;\n","protected":false},"author":2,"featured_media":290308,"comment_status":"","ping_status":"","sticky":false,"template":"","format":"standard","meta":{"footnotes":"","_share_on_mastodon":"0"},"categories":[17],"tags":[13191,384,170,169,43605,23],"class_list":["post-290307","post","type-post","status-publish","format-standard","has-post-thumbnail","category-geneve","tag-boycott","tag-cinema","tag-geneva","tag-geneve","tag-genocide-a-gaza","tag-suisse"],"share_on_mastodon":{"url":"https:\/\/pubeurope.com\/@ch_fr\/117209153046623231","error":""},"_links":{"self":[{"href":"https:\/\/www.europesays.com\/ch-fr\/wp-json\/wp\/v2\/posts\/290307","targetHints":{"allow":["GET"]}}],"collection":[{"href":"https:\/\/www.europesays.com\/ch-fr\/wp-json\/wp\/v2\/posts"}],"about":[{"href":"https:\/\/www.europesays.com\/ch-fr\/wp-json\/wp\/v2\/types\/post"}],"author":[{"embeddable":true,"href":"https:\/\/www.europesays.com\/ch-fr\/wp-json\/wp\/v2\/users\/2"}],"replies":[{"embeddable":true,"href":"https:\/\/www.europesays.com\/ch-fr\/wp-json\/wp\/v2\/comments?post=290307"}],"version-history":[{"count":0,"href":"https:\/\/www.europesays.com\/ch-fr\/wp-json\/wp\/v2\/posts\/290307\/revisions"}],"wp:featuredmedia":[{"embeddable":true,"href":"https:\/\/www.europesays.com\/ch-fr\/wp-json\/wp\/v2\/media\/290308"}],"wp:attachment":[{"href":"https:\/\/www.europesays.com\/ch-fr\/wp-json\/wp\/v2\/media?parent=290307"}],"wp:term":[{"taxonomy":"category","embeddable":true,"href":"https:\/\/www.europesays.com\/ch-fr\/wp-json\/wp\/v2\/categories?post=290307"},{"taxonomy":"post_tag","embeddable":true,"href":"https:\/\/www.europesays.com\/ch-fr\/wp-json\/wp\/v2\/tags?post=290307"}],"curies":[{"name":"wp","href":"https:\/\/api.w.org\/{rel}","templated":true}]}}