{"id":290325,"date":"2026-09-03T21:18:13","date_gmt":"2026-09-03T21:18:13","guid":{"rendered":"https:\/\/www.europesays.com\/ch-fr\/290325\/"},"modified":"2026-09-03T21:18:13","modified_gmt":"2026-09-03T21:18:13","slug":"lasloca-met-en-garde-contre-un-retour-des-conges-ventes-radio-lac","status":"publish","type":"post","link":"https:\/\/www.europesays.com\/ch-fr\/290325\/","title":{"rendered":"L&#039;Asloca met en garde contre un &quot;retour des cong\u00e9s-ventes&quot; &#8211; Radio Lac"},"content":{"rendered":"<p><a href=\"https:\/\/news.google.com\/rss\/articles\/CBMingFBVV95cUxPUzN1bFgzal8yWm1neVdFS2FLQmFScTdxcHQ0RERDS2tOd0trQzBRRWo2aEZzRzFQSldqREZ2TTgtTHZmZmVnVk9GTE5SU3lMQXV6T2UyY183OXdyaHgyRTR5b2JZeGFsRTVGYVJnZW5VbXF2WDROSWx1QTBvaTdtQmY4SGJ1V25HcklvOFBNV3FDTU9KOEs4a2J6NElRQQ?oc=5\" target=\"_blank\" rel=\"nofollow noopener\">L&rsquo;Asloca met en garde contre un \u00ab\u00a0retour des cong\u00e9s-ventes\u00a0\u00bb<\/a>&nbsp;&nbsp;Radio Lac<a href=\"https:\/\/news.google.com\/rss\/articles\/CBMiqgFBVV95cUxNcWhXalJuc3BnekVNeGpWZjR4LTJ0bUVsWHJVZ0lvdnZZM0lYTWhrUWdmX2ZOSWViQmtCcnNtMzBpWVcwTVRrMWVCQTFYUnd4UmJfRFY3SWUzeF9HeHVUazlsVm50T2NLVldCMERhVExBYk5KNWVNNERvSElqQkJaNjNXcnBYT00tN1dGS3FIa3dfcDBPM3Y0R2lMOXY5R1prY0dYbncxajNIZw?oc=5\" target=\"_blank\" rel=\"nofollow noopener\">Immobilier: Devenir propri\u00e9taire \u00e0 Gen\u00e8ve: enfin possible?<\/a>&nbsp;&nbsp;bilan.ch<a href=\"https:\/\/news.google.com\/rss\/articles\/CBMivwFBVV95cUxNNmJxWWNiN0VjN21md2dFVHJiYlkxd2k1dUdXY3ZKdFRJUXJPRjNPcFlDY2ZVQk16cmJHWWFWeVhQSlBuTGxjd0tJT0tPNnVQU3dySVAwRE96UlVkRm5oWkNfWDVHaDZpTEppQW1Sbjd5TF82SmU3a1ZiVmItcjZOMTA2RmthWGRicE1URmxKRGRTdC1DMnhuY2FWa3g5SUZHa3Aza0NVVGFydFBkR19JN1NiYS11NldnSktsM3p3dw?oc=5\" target=\"_blank\" rel=\"nofollow noopener\">Immobilier: Gen\u00e8ve rejoue la carte de l\u2019accession \u00e0 la propri\u00e9t\u00e9 pour les locataires<\/a>&nbsp;&nbsp;bilan.ch<a href=\"https:\/\/news.google.com\/rss\/articles\/CBMiqwFBVV95cUxOZVBhWmxxMkN3U2Zmc3ZNOUIxLTM0ZXBhM0g0WEtQbjV3Qld5QlQ3Z2pNY0MxRG9QNEg2LTVxUTU3cVY3ckRNNWdFcS1TS1d2T01aa2RvSTVRcHB2ZFFtZGtDTmNWclpRa05KeHB2MXVwbnBieWpPbk5jZW00N2dQckd0a1RoNFk5LTBTTGc4SklKUnFva0s4eWd5anlNWGt5bUo2bzg5R0t1X3M?oc=5\" target=\"_blank\" rel=\"nofollow noopener\">L\u2019Asloca met en garde contre un \u00abretour des cong\u00e9s-ventes\u00bb<\/a>&nbsp;&nbsp;SWI swissinfo.ch<a href=\"https:\/\/news.google.com\/rss\/articles\/CBMiqgFBVV95cUxQSmNncXp1SEx1RnVVWkY0cG5qZ1NISVAzY2pPbS1DaXFSMXkxQWJPLVZva21rRHZFZE1hb19KOW5FNDc5clRHMXA3a0J2dVVzdk5tTkZwdXVEc2hUQ3kxSnoyLV9sbWtuWndSVThaSXpQbU1STHBEbE0zajEzdW9WWDExdktYaExYT0RwazlacFRVWWlMYVlOYlF4MGpMSElZOEJheExaaGJFQQ?oc=5\" target=\"_blank\" rel=\"nofollow noopener\">L&rsquo;Asloca met en garde contre un \u00abretour des cong\u00e9s-ventes\u00bb<\/a>&nbsp;&nbsp;bluewin.ch<\/p>\n","protected":false},"excerpt":{"rendered":"L&rsquo;Asloca met en garde contre un \u00ab\u00a0retour des cong\u00e9s-ventes\u00a0\u00bb&nbsp;&nbsp;Radio LacImmobilier: Devenir propri\u00e9taire \u00e0 Gen\u00e8ve: enfin possible?&nbsp;&nbsp;bilan.chImmobilier: Gen\u00e8ve rejoue&hellip;\n","protected":false},"author":2,"featured_media":290326,"comment_status":"","ping_status":"","sticky":false,"template":"","format":"standard","meta":{"footnotes":"","_share_on_mastodon":"0"},"categories":[6],"tags":[45,44,43,23],"class_list":["post-290325","post","type-post","status-publish","format-standard","has-post-thumbnail","category-economie","tag-business","tag-economie","tag-economy","tag-suisse"],"share_on_mastodon":{"url":"https:\/\/pubeurope.com\/@ch_fr\/117209196791611514","error":""},"_links":{"self":[{"href":"https:\/\/www.europesays.com\/ch-fr\/wp-json\/wp\/v2\/posts\/290325","targetHints":{"allow":["GET"]}}],"collection":[{"href":"https:\/\/www.europesays.com\/ch-fr\/wp-json\/wp\/v2\/posts"}],"about":[{"href":"https:\/\/www.europesays.com\/ch-fr\/wp-json\/wp\/v2\/types\/post"}],"author":[{"embeddable":true,"href":"https:\/\/www.europesays.com\/ch-fr\/wp-json\/wp\/v2\/users\/2"}],"replies":[{"embeddable":true,"href":"https:\/\/www.europesays.com\/ch-fr\/wp-json\/wp\/v2\/comments?post=290325"}],"version-history":[{"count":0,"href":"https:\/\/www.europesays.com\/ch-fr\/wp-json\/wp\/v2\/posts\/290325\/revisions"}],"wp:featuredmedia":[{"embeddable":true,"href":"https:\/\/www.europesays.com\/ch-fr\/wp-json\/wp\/v2\/media\/290326"}],"wp:attachment":[{"href":"https:\/\/www.europesays.com\/ch-fr\/wp-json\/wp\/v2\/media?parent=290325"}],"wp:term":[{"taxonomy":"category","embeddable":true,"href":"https:\/\/www.europesays.com\/ch-fr\/wp-json\/wp\/v2\/categories?post=290325"},{"taxonomy":"post_tag","embeddable":true,"href":"https:\/\/www.europesays.com\/ch-fr\/wp-json\/wp\/v2\/tags?post=290325"}],"curies":[{"name":"wp","href":"https:\/\/api.w.org\/{rel}","templated":true}]}}