{"id":290353,"date":"2026-09-03T21:35:13","date_gmt":"2026-09-03T21:35:13","guid":{"rendered":"https:\/\/www.europesays.com\/ch-fr\/290353\/"},"modified":"2026-09-03T21:35:13","modified_gmt":"2026-09-03T21:35:13","slug":"motorola-lance-un-nouveau-telephone-dote-dun-appareil-photo-de-200-mp-et-dun-ecran-amoled-lumineux-a-144-hz","status":"publish","type":"post","link":"https:\/\/www.europesays.com\/ch-fr\/290353\/","title":{"rendered":"Motorola lance un nouveau t\u00e9l\u00e9phone dot\u00e9 d&rsquo;un appareil photo de 200 MP et d&rsquo;un \u00e9cran AMOLED lumineux \u00e0 144 Hz"},"content":{"rendered":"<p class=\"bodytext\">Motorola a officiellement d\u00e9voil\u00e9 l\u2019Edge 70 Plus \u00e0 l\u2019IFA 2026, et ce mod\u00e8le se positionne comme un smartphone de milieu de gamme sup\u00e9rieur. Le syst\u00e8me de cam\u00e9ras est l\u2019un des points forts de l\u2019appareil, la cam\u00e9ra principale \u00e9tant \u00e9quip\u00e9e d\u2019un capteur de 200 MP.&#13;<\/p>\n<p class=\"bodytext\">Cet <a href=\"https:\/\/www.notebookcheck.biz\/Huawei-devoile-le-Nova-16s-Pro-dote-d-un-appareil-photo-de-200-MP-et-d-une-batterie-de-7-000-mAh-dans-un-boitier-aux-couleurs-variees.1386753.0.html\" target=\"_self\" class=\"internal-link\" rel=\"nofollow noopener\">appareil photo de 200 MP<\/a> est dot\u00e9 d\u2019un stabilisateur optique (OIS) et d\u2019une ouverture f\/1,8, mais il est associ\u00e9 \u00e0 un capteur macro de 2 MP, qui n\u2019apportera pas grand-chose. Un appareil photo grand angle aurait permis au t\u00e9l\u00e9phone de se d\u00e9marquer davantage en mati\u00e8re de photographie. On trouve \u00e9galement \u00e0 l\u2019arri\u00e8re un capteur de lumi\u00e8re d\u00e9di\u00e9 3-en-1 ainsi qu\u2019un module flash, le tout log\u00e9 dans l\u2019\u00eelot rectangulaire d\u00e9di\u00e9 \u00e0 l\u2019appareil photo.&#13;<\/p>\n<p class=\"bodytext\">\u00c0 l\u2019avant, l\u2019Edge 70 Plus est \u00e9quip\u00e9 d\u2019une cam\u00e9ra selfie de 32 MP, log\u00e9e dans une d\u00e9coupe centr\u00e9e de type \u00ab punch-hole \u00bb. C\u00f4t\u00e9 \u00e9cran, le t\u00e9l\u00e9phone est \u00e9quip\u00e9 d\u2019un \u00e9cran AMOLED de 6,78 pouces avec une r\u00e9solution de 2 772 x 1 272 pixels, <a href=\"https:\/\/www.notebookcheck.biz\/Vivo-confirme-officiellement-la-sortie-d-x27-un-telephone-dote-d-x27-une-batterie-de-7-050-mAh-et-d-x27-un-ecran-AMOLED-a-144-Hz.1383682.0.html\" target=\"_self\" class=\"internal-link\" rel=\"nofollow noopener\">un taux de rafra\u00eechissement de 144 Hz<\/a> et une luminosit\u00e9 maximale de 5 200 nits.&#13;<\/p>\n<p class=\"bodytext\">La marque souligne la prise en charge des formats HDR10 et HDR10+, ce qui signifie que l\u2019\u00e9cran se pr\u00eate parfaitement au divertissement. Gr\u00e2ce au Snapdragon 7s Gen 3, le t\u00e9l\u00e9phone devrait offrir une grande r\u00e9activit\u00e9 pour les t\u00e2ches quotidiennes, et <a href=\"https:\/\/www.notebookcheck.biz\/Qualcomm-Snapdragon-SD-7s-Gen-3-Notebook-Processor.961727.0.html\" target=\"_self\" class=\"internal-link\" rel=\"nofollow noopener\">ce SoC de milieu de gamme sup\u00e9rieur<\/a> est \u00e9galement suffisamment performant pour les jeux l\u00e9gers \u00e0 mod\u00e9r\u00e9s.&#13;<\/p>\n<p class=\"bodytext\">Il est \u00e9quip\u00e9 d\u2019un syst\u00e8me \u00e0 deux haut-parleurs avec Dolby Atmos, et Motorola pr\u00e9cise que le t\u00e9l\u00e9phone prend en charge l\u2019audio haute r\u00e9solution filaire. Parmi les autres points forts, citons 8 Go de m\u00e9moire vive LPDDR5X, jusqu\u2019\u00e0 256 Go de stockage UFS 3.1, un indice de r\u00e9sistance \u00e0 l\u2019eau IP64, ainsi qu\u2019une batterie de 6 500 mAh prenant en charge la recharge rapide \u00e0 45 W et la recharge par d\u00e9rivation (c\u00e2ble USB-C Anker de 1 pied \u00e0 240 W, actuellement <a href=\"https:\/\/www.amazon.com\/Anker-Flexible-Multi-Color-Braided-Charging\/dp\/B0DNLX1XVQ?tag=nbcnewsnet-20\" target=\"_blank\" rel=\"sponsored nofollow noopener\" class=\"external-link-new-window\" data-htmlarea-external=\"1\" rtekeep=\"1\">13,99 $ sur Amazon<\/a>).&#13;<\/p>\n<p class=\"bodytext\">Le nouveau Edge 70 Plus de Motorola devrait \u00eatre disponible dans certaines r\u00e9gions d\u2019Europe et du Moyen-Orient dans les semaines \u00e0 venir. Toutefois, la soci\u00e9t\u00e9 n\u2019a pas explicitement communiqu\u00e9 le prix de vente du t\u00e9l\u00e9phone dans son communiqu\u00e9 de presse.<\/p>\n","protected":false},"excerpt":{"rendered":"Motorola a officiellement d\u00e9voil\u00e9 l\u2019Edge 70 Plus \u00e0 l\u2019IFA 2026, et ce mod\u00e8le se positionne comme un smartphone&hellip;\n","protected":false},"author":2,"featured_media":290354,"comment_status":"","ping_status":"","sticky":false,"template":"","format":"standard","meta":{"footnotes":"","_share_on_mastodon":"0"},"categories":[7],"tags":[44285,34727,63243,11261,272,25395,63241,63242,63244,74,5685,7488,70,72,41576,71,61,57,59,58,273,13054,23,60,62,26828,73],"class_list":["post-290353","post","type-post","status-publish","format-standard","has-post-thumbnail","category-sciences-et-technologies","tag-144-hz","tag-200-mp","tag-6-500-mah","tag-amoled","tag-android","tag-dolby-atmos","tag-edge-70-plus","tag-hdr10plus","tag-ifa2026","tag-informations-sur-des-ordinateurs-portatifs","tag-motorola","tag-motorola-edge","tag-nouvelles","tag-rapport","tag-recharge-rapide","tag-revues","tag-science","tag-science-and-technology","tag-sciences","tag-sciences-et-technologies","tag-smartphone","tag-snapdragon","tag-suisse","tag-technologies","tag-technology","tag-telephone-avec-appareil-photo","tag-test"],"share_on_mastodon":{"url":"https:\/\/pubeurope.com\/@ch_fr\/117209263273572124","error":""},"_links":{"self":[{"href":"https:\/\/www.europesays.com\/ch-fr\/wp-json\/wp\/v2\/posts\/290353","targetHints":{"allow":["GET"]}}],"collection":[{"href":"https:\/\/www.europesays.com\/ch-fr\/wp-json\/wp\/v2\/posts"}],"about":[{"href":"https:\/\/www.europesays.com\/ch-fr\/wp-json\/wp\/v2\/types\/post"}],"author":[{"embeddable":true,"href":"https:\/\/www.europesays.com\/ch-fr\/wp-json\/wp\/v2\/users\/2"}],"replies":[{"embeddable":true,"href":"https:\/\/www.europesays.com\/ch-fr\/wp-json\/wp\/v2\/comments?post=290353"}],"version-history":[{"count":0,"href":"https:\/\/www.europesays.com\/ch-fr\/wp-json\/wp\/v2\/posts\/290353\/revisions"}],"wp:featuredmedia":[{"embeddable":true,"href":"https:\/\/www.europesays.com\/ch-fr\/wp-json\/wp\/v2\/media\/290354"}],"wp:attachment":[{"href":"https:\/\/www.europesays.com\/ch-fr\/wp-json\/wp\/v2\/media?parent=290353"}],"wp:term":[{"taxonomy":"category","embeddable":true,"href":"https:\/\/www.europesays.com\/ch-fr\/wp-json\/wp\/v2\/categories?post=290353"},{"taxonomy":"post_tag","embeddable":true,"href":"https:\/\/www.europesays.com\/ch-fr\/wp-json\/wp\/v2\/tags?post=290353"}],"curies":[{"name":"wp","href":"https:\/\/api.w.org\/{rel}","templated":true}]}}