{"id":290355,"date":"2026-09-03T21:36:10","date_gmt":"2026-09-03T21:36:10","guid":{"rendered":"https:\/\/www.europesays.com\/ch-fr\/290355\/"},"modified":"2026-09-03T21:36:10","modified_gmt":"2026-09-03T21:36:10","slug":"un-avion-de-swiss-a-atterri-a-terre-neuve-pour-une-urgence-medicale","status":"publish","type":"post","link":"https:\/\/www.europesays.com\/ch-fr\/290355\/","title":{"rendered":"Un avion de Swiss a atterri \u00e0 Terre-Neuve pour une urgence m\u00e9dicale"},"content":{"rendered":"<p>Un avion de Swiss reliant Zurich \u00e0 New York a d\u00e9cid\u00e9 d\u2019atterrir jeudi soir \u00e0 St. Johns, Terre-Neuve, pour une urgence m\u00e9dicale, a indiqu\u00e9 la compagnie \u00e0 l\u2019agence Keystone-ATS. L\u2019\u00e9quipage a \u00e9mis un signal de d\u00e9tresse 7700 en concertation avec le contr\u00f4le a\u00e9rien local.<\/p>\n<p>A St. John\u2019s, le passager devait \u00eatre pris en charge par les services m\u00e9dicaux. L\u2019avion sera ensuite ravitaill\u00e9 en carburant et le vol, avec ses 234 passagers, reprendra d\u00e8s que possible en direction de New York, a pr\u00e9cis\u00e9 Swiss.<\/p>\n<p>Lire aussi: <a href=\"https:\/\/www.letemps.ch\/articles\/les-bons-resultats-de-swiss-remettent-du-kerosene-sur-la-question-au-long-cours-de-l-autonomie-face-a-lufthansa\" rel=\"nofollow noopener\" target=\"_blank\">Les bons r\u00e9sultats de Swiss remettent du k\u00e9ros\u00e8ne sur la question au long cours de l\u2019autonomie face \u00e0 Lufthansa<\/a>  <\/p>\n<p>    Lire plus tard<\/p>\n<p>Pas \u00abd\u2019atterrissage d\u2019urgence\u00bb<\/p>\n<p>La compagnie a\u00e9rienne r\u00e9agissait apr\u00e8s plusieurs informations de m\u00e9dias faisant \u00e9tat d\u2019un \u00abatterrissage d\u2019urgence\u00bb. Le signal de d\u00e9tresse ne signifie pas automatiquement qu\u2019il y a un danger pour les passagers ou l\u2019avion. Mais il permet au contr\u00f4le a\u00e9rien de traiter le vol avec la priorit\u00e9 requise, pr\u00e9cise Swiss.<\/p>\n<p>Le signal de d\u00e9tresse 7700 est utilis\u00e9 dans l\u2019aviation dans des situations tr\u00e8s diverses, comme lors d\u2019incidents m\u00e9dicaux. Cela n\u2019entra\u00eene pas automatiquement ce que l\u2019on appelle un \u00abatterrissage d\u2019urgence\u00bb.<\/p>\n<p>Lire aussi: <a href=\"https:\/\/www.letemps.ch\/articles\/avant-une-vague-d-investissements-l-aeroport-de-geneve-souligne-son-important-impact-sur-l-economie-de-sa-region\" rel=\"nofollow noopener\" target=\"_blank\">Avant une vague d\u2019investissements, l\u2019a\u00e9roport de Gen\u00e8ve souligne son important impact sur l\u2019\u00e9conomie de sa r\u00e9gion<\/a>  <\/p>\n<p>    Lire plus tard<\/p>\n","protected":false},"excerpt":{"rendered":"Un avion de Swiss reliant Zurich \u00e0 New York a d\u00e9cid\u00e9 d\u2019atterrir jeudi soir \u00e0 St. Johns, Terre-Neuve,&hellip;\n","protected":false},"author":2,"featured_media":290356,"comment_status":"","ping_status":"","sticky":false,"template":"","format":"standard","meta":{"footnotes":"","_share_on_mastodon":"0"},"categories":[6],"tags":[45,44,43,25,23,956],"class_list":["post-290355","post","type-post","status-publish","format-standard","has-post-thumbnail","category-economie","tag-business","tag-economie","tag-economy","tag-free","tag-suisse","tag-transports"],"share_on_mastodon":{"url":"https:\/\/pubeurope.com\/@ch_fr\/117209267455056535","error":""},"_links":{"self":[{"href":"https:\/\/www.europesays.com\/ch-fr\/wp-json\/wp\/v2\/posts\/290355","targetHints":{"allow":["GET"]}}],"collection":[{"href":"https:\/\/www.europesays.com\/ch-fr\/wp-json\/wp\/v2\/posts"}],"about":[{"href":"https:\/\/www.europesays.com\/ch-fr\/wp-json\/wp\/v2\/types\/post"}],"author":[{"embeddable":true,"href":"https:\/\/www.europesays.com\/ch-fr\/wp-json\/wp\/v2\/users\/2"}],"replies":[{"embeddable":true,"href":"https:\/\/www.europesays.com\/ch-fr\/wp-json\/wp\/v2\/comments?post=290355"}],"version-history":[{"count":0,"href":"https:\/\/www.europesays.com\/ch-fr\/wp-json\/wp\/v2\/posts\/290355\/revisions"}],"wp:featuredmedia":[{"embeddable":true,"href":"https:\/\/www.europesays.com\/ch-fr\/wp-json\/wp\/v2\/media\/290356"}],"wp:attachment":[{"href":"https:\/\/www.europesays.com\/ch-fr\/wp-json\/wp\/v2\/media?parent=290355"}],"wp:term":[{"taxonomy":"category","embeddable":true,"href":"https:\/\/www.europesays.com\/ch-fr\/wp-json\/wp\/v2\/categories?post=290355"},{"taxonomy":"post_tag","embeddable":true,"href":"https:\/\/www.europesays.com\/ch-fr\/wp-json\/wp\/v2\/tags?post=290355"}],"curies":[{"name":"wp","href":"https:\/\/api.w.org\/{rel}","templated":true}]}}