{"id":290363,"date":"2026-09-03T21:42:11","date_gmt":"2026-09-03T21:42:11","guid":{"rendered":"https:\/\/www.europesays.com\/ch-fr\/290363\/"},"modified":"2026-09-03T21:42:11","modified_gmt":"2026-09-03T21:42:11","slug":"sion-renverse-bale-servette-battu-a-la-94e","status":"publish","type":"post","link":"https:\/\/www.europesays.com\/ch-fr\/290363\/","title":{"rendered":"Sion renverse B\u00e2le, Servette battu \u00e0 la 94e"},"content":{"rendered":"<p class=\"wysiwyg-h2\">Sion a cueilli trois points pr\u00e9cieux jeudi en Super League.<\/p>\n<p>Les Valaisans sont all\u00e9s s&rsquo;imposer 2-1 \u00e0 B\u00e2le lors de la 6e journ\u00e9e de Super League, gr\u00e2ce \u00e0 un doubl\u00e9 de Winsley Boteli. Servette a pour sa part \u00e9t\u00e9 battu 1-0 sur la pelouse de Lugano, qui a forc\u00e9 la d\u00e9cision \u00e0 la 94e.<\/p>\n<p>Conqu\u00e9rant, le FC Sion a d\u00e9croch\u00e9 un succ\u00e8s m\u00e9rit\u00e9 face aux Rh\u00e9nans, son troisi\u00e8me d&rsquo;affil\u00e9e en Super League face au FCB. Les hommes de Didier Tholot ont renvers\u00e9 la vapeur \u00e0 onze contre dix, concr\u00e9tisant leur domination apr\u00e8s l&rsquo;expulsion de Moussa Ciss\u00e9 (62e) qui a \u00e9t\u00e9 averti deux fois en une minute \u00e0 peine.<\/p>\n<p>Men\u00e9s au score apr\u00e8s un joli but de Jan Celar (40e), lequel a tromp\u00e9 subtilement Anthony Racioppi apr\u00e8s une longue ouverture d&rsquo;Asane Sow, les S\u00e9dunois ont m\u00eame encaiss\u00e9 un deuxi\u00e8me but juste avant la mi-temps. Mais la r\u00e9ussite de Jan Celar a \u00e9t\u00e9 annul\u00e9e par la VAR pour un hors-jeu.<\/p>\n<p>Sion a longtemps manqu\u00e9 d&rsquo;efficacit\u00e9, mais a su forcer son destin gr\u00e2ce \u00e0 l&rsquo;in\u00e9vitable Winsley Boteli. L&rsquo;attaquant genevois a \u00e9galis\u00e9 \u00e0 la 76e en profitant d&rsquo;une passe de Lukembila, avant d&rsquo;inscrire le 2-1 \u00e0 la 79e d&rsquo;une reprise surpuissante du droit. Il en est d\u00e9sormais \u00e0 cinq buts en Super League cette saison.<\/p>\n<p>Ajeti d\u00e9j\u00e0 d\u00e9cisif<\/p>\n<p>Servette a pour sa part subi une d\u00e9faite rageante, sa troisi\u00e8me en cinq sorties dans ce championnat 2026\/27. La troupe de Jocelyn Gourvennec aurait d\u00fb ouvrir la marque \u00e0 la 19e minute, mais son attaquant slovaque Samuel Mraz a manqu\u00e9 le penalty dont il a b\u00e9n\u00e9fici\u00e9.<\/p>\n<p>Vainqueur de ses quatre premiers matches, Lugano a finalement fait parler sa confiance. Les joueurs de Mattia Croci-Torti y ont cru jusqu&rsquo;au bout. Et c&rsquo;est leur nouvelle recrue Albian Ajeti, pr\u00eat\u00e9 deux jours plus t\u00f4t par B\u00e2le, qui a &lsquo;crucifi\u00e9&rsquo; le SFC \u00e0 la 94e minute d&rsquo;une frappe imparable.<\/p>\n<p>Lugano a bien s\u00fbr domin\u00e9 les d\u00e9bats, avec 65% de possession de balle et 21 tirs contre 10 pour Servette. Mais les &lsquo;bianconeri&rsquo; n&rsquo;ont cadr\u00e9 que trois tirs jeudi, d\u00e9montrant toute leur efficacit\u00e9. Ils sont d\u00e9sormais seuls en t\u00eate du classement, avec 15 points obtenus en cinq matches.<\/p>\n<p> \/ATS<\/p>\n","protected":false},"excerpt":{"rendered":"Sion a cueilli trois points pr\u00e9cieux jeudi en Super League. Les Valaisans sont all\u00e9s s&rsquo;imposer 2-1 \u00e0 B\u00e2le&hellip;\n","protected":false},"author":2,"featured_media":290364,"comment_status":"","ping_status":"","sticky":false,"template":"","format":"standard","meta":{"footnotes":"","_share_on_mastodon":"0"},"categories":[18],"tags":[121,124,175,176,128,119,122,123,118,136,132,131,133,130,135,120,126,117,125,114,115,116,23,129,127,134],"class_list":["post-290363","post","type-post","status-publish","format-standard","has-post-thumbnail","category-bale","tag-ajoie","tag-animation","tag-bale","tag-basel","tag-bienne","tag-delemont","tag-franches-montagnes","tag-frequence","tag-jura","tag-jura-bernois","tag-la-chaux-de-fonds","tag-moutier","tag-neuchatel","tag-neuveville","tag-payerne","tag-porrentruy","tag-publicite","tag-radio","tag-redaction","tag-rfj","tag-rjb","tag-rtn","tag-suisse","tag-tavannes","tag-vallon-de-st-imier","tag-yverdon"],"share_on_mastodon":{"url":"https:\/\/pubeurope.com\/@ch_fr\/117209291052013399","error":""},"_links":{"self":[{"href":"https:\/\/www.europesays.com\/ch-fr\/wp-json\/wp\/v2\/posts\/290363","targetHints":{"allow":["GET"]}}],"collection":[{"href":"https:\/\/www.europesays.com\/ch-fr\/wp-json\/wp\/v2\/posts"}],"about":[{"href":"https:\/\/www.europesays.com\/ch-fr\/wp-json\/wp\/v2\/types\/post"}],"author":[{"embeddable":true,"href":"https:\/\/www.europesays.com\/ch-fr\/wp-json\/wp\/v2\/users\/2"}],"replies":[{"embeddable":true,"href":"https:\/\/www.europesays.com\/ch-fr\/wp-json\/wp\/v2\/comments?post=290363"}],"version-history":[{"count":0,"href":"https:\/\/www.europesays.com\/ch-fr\/wp-json\/wp\/v2\/posts\/290363\/revisions"}],"wp:featuredmedia":[{"embeddable":true,"href":"https:\/\/www.europesays.com\/ch-fr\/wp-json\/wp\/v2\/media\/290364"}],"wp:attachment":[{"href":"https:\/\/www.europesays.com\/ch-fr\/wp-json\/wp\/v2\/media?parent=290363"}],"wp:term":[{"taxonomy":"category","embeddable":true,"href":"https:\/\/www.europesays.com\/ch-fr\/wp-json\/wp\/v2\/categories?post=290363"},{"taxonomy":"post_tag","embeddable":true,"href":"https:\/\/www.europesays.com\/ch-fr\/wp-json\/wp\/v2\/tags?post=290363"}],"curies":[{"name":"wp","href":"https:\/\/api.w.org\/{rel}","templated":true}]}}