{"id":290369,"date":"2026-09-03T21:46:18","date_gmt":"2026-09-03T21:46:18","guid":{"rendered":"https:\/\/www.europesays.com\/ch-fr\/290369\/"},"modified":"2026-09-03T21:46:18","modified_gmt":"2026-09-03T21:46:18","slug":"george-clooney-se-glisse-derriere-lobjectif-dune-photographe-de-lafp-actualites","status":"publish","type":"post","link":"https:\/\/www.europesays.com\/ch-fr\/290369\/","title":{"rendered":"George Clooney se glisse derri\u00e8re l&rsquo;objectif d&rsquo;une photographe de l&rsquo;AFP : Actualit\u00e9s"},"content":{"rendered":"<p class=\"lead \">L&rsquo;acteur et r\u00e9alisateur am\u00e9ricain George Clooney a remis son prix d&rsquo;honneur \u00e0 la photographe de l&rsquo;AFP Tiziana Fabi et s&rsquo;est pr\u00eat\u00e9 \u00e0 un \u00e9change humoristique en prenant son appareil photo lors du Festival du cin\u00e9ma de Venise.<\/p>\n<p class=\"lead \">Apr\u00e8s avoir re\u00e7u un Lion d&rsquo;or pour sa carri\u00e8re mercredi \u00e0 la Mostra, la star am\u00e9ricaine a pos\u00e9 devant une foule de photographes aux c\u00f4t\u00e9s de son amie, l&rsquo;actrice Laura Dern, sur le tapis rouge.<\/p>\n<p class=\"lead \">Il s&rsquo;est ensuite dirig\u00e9 vers Tiziana Fabi, qui couvre les grands \u00e9v\u00e9nements du monde du spectacle, du sport et de la politique pour le bureau de Rome de l&rsquo;AFP.<\/p>\n<p class=\"lead \">\u00ab\u00a0Je te laisse le Lion\u00a0\u00bb, lui a-t-il dit, avant d&rsquo;ajouter : \u00ab\u00a0je prends la photo\u00a0\u00bb, avec l&rsquo;appareil de Tiziana.<\/p>\n<p class=\"lead \">Les images de ce moment \u2014 ainsi que la photo prise par Clooney, sur laquelle on voit Tiziana souriante brandissant le Lion d&rsquo;or \u2014 se sont largement r\u00e9pandues sur les r\u00e9seaux sociaux.<\/p>\n<p class=\"lead \">\u00ab\u00a0Je ne sais pas pourquoi il m&rsquo;a choisie\u00a0\u00bb, a d\u00e9clar\u00e9 Tiziana \u00e0 propos de sa rencontre avec l&rsquo;acteur et r\u00e9alisateur oscaris\u00e9.<\/p>\n<p class=\"lead \">\u00ab\u00a0J&rsquo;ai \u00e9t\u00e9 assez surprise et, au d\u00e9but, un peu agac\u00e9e. Il a simplement pos\u00e9 le prix sur mes genoux et m&rsquo;a pris mon appareil photo\u00a0\u00bb, a-t-elle d\u00e9clar\u00e9.<\/p>\n<p class=\"lead \">Tiziana a racont\u00e9 que Clooney l&rsquo;avait remerci\u00e9e chaleureusement en lui rendant l&rsquo;appareil photo et que Laura Dern lui avait lanc\u00e9 : \u00ab\u00a0f\u00e9licitations !\u00a0\u00bb.<\/p>\n<p class=\"lead \">George Clooney \u00e9tait arriv\u00e9 mercredi pour l&rsquo;ouverture du Festival de Venise \u2014 le plus ancien au monde \u2014 et a pos\u00e9 devant les photographes venus couvrir ce prestigieux \u00e9v\u00e9nement italien.<\/p>\n<p class=\"lead \">Il avait \u00e9galement re\u00e7u une distinction de l&rsquo;association des photographes de Venise, posant aux c\u00f4t\u00e9s des paparazzi et prenant quelques clich\u00e9s avec l&rsquo;appareil photo d&rsquo;un autre photographe de l&rsquo;agence de presse italienne ANSA.<\/p>\n<p class=\"lead \">Tiziana s&rsquo;est dite impressionn\u00e9e par l&rsquo;aisance avec laquelle Clooney maniait un appareil photo professionnel.<\/p>\n<p class=\"lead \">\u00ab\u00a0Il a pris quatre photos et elles \u00e9taient toutes nettes ! C&rsquo;\u00e9taient des photos parfaites. On devrait peut-\u00eatre l&rsquo;engager ?\u00a0\u00bb, a-t-elle d\u00e9clar\u00e9.<\/p>\n<p class=\"small font-weight-bold text-gray3 \"> publi\u00e9 le 3 septembre \u00e0 15h01, AFP<\/p>\n<p>                             Partager<\/p>\n","protected":false},"excerpt":{"rendered":"L&rsquo;acteur et r\u00e9alisateur am\u00e9ricain George Clooney a remis son prix d&rsquo;honneur \u00e0 la photographe de l&rsquo;AFP Tiziana Fabi&hellip;\n","protected":false},"author":2,"featured_media":290370,"comment_status":"","ping_status":"","sticky":false,"template":"","format":"standard","meta":{"footnotes":"","_share_on_mastodon":"0"},"categories":[14],"tags":[155,156,1020,1017,113,112,1214,1076,319,23,17841],"class_list":["post-290369","post","type-post","status-publish","format-standard","has-post-thumbnail","category-arts-et-design","tag-arts-and-design","tag-arts-et-design","tag-clbrits","tag-cinma","tag-divertissement","tag-entertainment","tag-italie","tag-mdias","tag-presse","tag-suisse","tag-venise"],"share_on_mastodon":{"url":"https:\/\/pubeurope.com\/@ch_fr\/117209306785875178","error":""},"_links":{"self":[{"href":"https:\/\/www.europesays.com\/ch-fr\/wp-json\/wp\/v2\/posts\/290369","targetHints":{"allow":["GET"]}}],"collection":[{"href":"https:\/\/www.europesays.com\/ch-fr\/wp-json\/wp\/v2\/posts"}],"about":[{"href":"https:\/\/www.europesays.com\/ch-fr\/wp-json\/wp\/v2\/types\/post"}],"author":[{"embeddable":true,"href":"https:\/\/www.europesays.com\/ch-fr\/wp-json\/wp\/v2\/users\/2"}],"replies":[{"embeddable":true,"href":"https:\/\/www.europesays.com\/ch-fr\/wp-json\/wp\/v2\/comments?post=290369"}],"version-history":[{"count":0,"href":"https:\/\/www.europesays.com\/ch-fr\/wp-json\/wp\/v2\/posts\/290369\/revisions"}],"wp:featuredmedia":[{"embeddable":true,"href":"https:\/\/www.europesays.com\/ch-fr\/wp-json\/wp\/v2\/media\/290370"}],"wp:attachment":[{"href":"https:\/\/www.europesays.com\/ch-fr\/wp-json\/wp\/v2\/media?parent=290369"}],"wp:term":[{"taxonomy":"category","embeddable":true,"href":"https:\/\/www.europesays.com\/ch-fr\/wp-json\/wp\/v2\/categories?post=290369"},{"taxonomy":"post_tag","embeddable":true,"href":"https:\/\/www.europesays.com\/ch-fr\/wp-json\/wp\/v2\/tags?post=290369"}],"curies":[{"name":"wp","href":"https:\/\/api.w.org\/{rel}","templated":true}]}}