{"id":290375,"date":"2026-09-03T21:49:20","date_gmt":"2026-09-03T21:49:20","guid":{"rendered":"https:\/\/www.europesays.com\/ch-fr\/290375\/"},"modified":"2026-09-03T21:49:20","modified_gmt":"2026-09-03T21:49:20","slug":"la-magie-harry-potter-opere-au-cinema-le-cube-de-bastia-en-haute-corse","status":"publish","type":"post","link":"https:\/\/www.europesays.com\/ch-fr\/290375\/","title":{"rendered":"La magie Harry Potter op\u00e8re au cin\u00e9ma Le Cube de Bastia en Haute-Corse"},"content":{"rendered":"<p>Harry Potter \u00e9tait de retour dans les salles obscures de Bastia cette semaine, mais aussi dans d&rsquo;autres cin\u00e9mas de l&rsquo;\u00eele. Dans la salle 4 du Cube, ce mardi 1er\u00a0septembre, certains d\u00e9couvrent l&rsquo;univers Harry Potter mais pour la grande majorit\u00e9 c&rsquo;est une red\u00e9couverte de la saga. \u00ab\u00a0J&rsquo;ai vu et lu tout ce qui \u00e9tait possible sur Harry Potter\u00a0\u00bb, confie C\u00e9line, toujours aussi conquise par l&rsquo;\u0153uvre de J. K. Rowling. La m\u00e8re de famille, qui n&rsquo;a pas manqu\u00e9 une seule s\u00e9ance s&rsquo;explique\u00a0: \u00ab\u00a0Je suis l\u00e0 pour les revoir enfin sur un grand \u00e9cran c&rsquo;est diff\u00e9rent.\u00a0\u00bb<\/p>\n<p>Le dernier film,<a href=\"https:\/\/www.corsematin.com\/articles\/figari-lunivers-dharry-potter-enchante-la-classe-de-cm1-cm2-120920\" target=\"_self\" rel=\"nofollow noopener\"> Harry Potter<\/a> et les Reliques de la Mort, est sorti en 2011\u00a0: \u00ab\u00a0J&rsquo;avais trois ans \u00e0 l&rsquo;\u00e9poque\u00a0\u00bb, rit Saveria. Pour l&rsquo;\u00e9tudiante, Harry Potter est bien plus qu&rsquo;une fiction\u00a0: \u00ab\u00a0C&rsquo;est toute mon enfance, j&rsquo;ai grandi avec.\u00a0\u00bb Ce fanatisme n&rsquo;est pas un cas isol\u00e9. Pendant la projection, dans les rangs du cin\u00e9ma, \u00e0 voix basse, des spectateurs jouent \u00e0 r\u00e9citer par c\u0153ur les r\u00e9pliques.<\/p>\n<p>Des d\u00e9buts magiques pour le Cube<\/p>\n<p>Harry Potter au Cube, c&rsquo;est 180 spectateurs par jour en moyenne, soit un taux de remplissage de plus de 2\/3 sur toute une semaine. Daniel Benedittini, patron du nouveau cin\u00e9ma, a \u00e9t\u00e9 surpris par ce succ\u00e8s\u00a0: \u00ab\u00a0Nous avons fait complet pour les deux premiers films. La magie se faisait ressentir, \u00e0 ce moment-l\u00e0, parce que les gens sont venus d\u00e9guis\u00e9s, mais surtout parce que les tout-petits pouvaient venir.\u00a0\u00bb<\/p>\n<p>Apr\u00e8s\u00a0l&rsquo;Odyss\u00e9e de Christopher Nolan et le dernier Spiderman, l&rsquo;arriv\u00e9e de\u00a0Harry Potter a contribu\u00e9 \u00e0 dynamiser le lancement de l&rsquo;\u00e9tablissement. Pour le Cube, cette r\u00e9trospective \u00e9tait une premi\u00e8re, mais d&rsquo;autres suivront.<\/p>\n<p>D\u00e8s le 7\u00a0octobre, le retour des Hunger Games s&rsquo;\u00e9tendra jusqu&rsquo;au 18\u00a0novembre pour la sortie du dernier opus. Le g\u00e9rant est satisfait des d\u00e9buts de son cin\u00e9ma\u00a0: \u00ab\u00a0Le premier pari du bouche-\u00e0-oreille a \u00e9t\u00e9 gagnant, nous voyons d\u00e9j\u00e0 le public revenir.\u00a0\u00bb<\/p>\n<p>Harry Potter sur le petit \u00e9cran<\/p>\n<p>La magie est loin d&rsquo;\u00eatre termin\u00e9e puisque les fans, comme C\u00e9line et Saveria, pourront d\u00e8s le 25\u00a0d\u00e9cembre d\u00e9couvrir les nouvelles aventures du gar\u00e7on \u00e0 la cicatrice. Pour No\u00ebl, HBO nous offre la s\u00e9rie\u00a0: Harry Potter \u00e0 l&rsquo;\u00e9cole des sorciers.<\/p>\n","protected":false},"excerpt":{"rendered":"Harry Potter \u00e9tait de retour dans les salles obscures de Bastia cette semaine, mais aussi dans d&rsquo;autres cin\u00e9mas&hellip;\n","protected":false},"author":2,"featured_media":290376,"comment_status":"","ping_status":"","sticky":false,"template":"","format":"standard","meta":{"footnotes":"","_share_on_mastodon":"0"},"categories":[11],"tags":[449,6784,384,63246,663,113,112,139,138,32854,4216,137,63245,59035,23],"class_list":["post-290375","post","type-post","status-publish","format-standard","has-post-thumbnail","category-films","tag-449","tag-bastia","tag-cinema","tag-cube","tag-culture-loisirs","tag-divertissement","tag-entertainment","tag-film","tag-films","tag-harry","tag-magie","tag-movies","tag-opere","tag-potter","tag-suisse"],"share_on_mastodon":{"url":"https:\/\/pubeurope.com\/@ch_fr\/117209318480625253","error":""},"_links":{"self":[{"href":"https:\/\/www.europesays.com\/ch-fr\/wp-json\/wp\/v2\/posts\/290375","targetHints":{"allow":["GET"]}}],"collection":[{"href":"https:\/\/www.europesays.com\/ch-fr\/wp-json\/wp\/v2\/posts"}],"about":[{"href":"https:\/\/www.europesays.com\/ch-fr\/wp-json\/wp\/v2\/types\/post"}],"author":[{"embeddable":true,"href":"https:\/\/www.europesays.com\/ch-fr\/wp-json\/wp\/v2\/users\/2"}],"replies":[{"embeddable":true,"href":"https:\/\/www.europesays.com\/ch-fr\/wp-json\/wp\/v2\/comments?post=290375"}],"version-history":[{"count":0,"href":"https:\/\/www.europesays.com\/ch-fr\/wp-json\/wp\/v2\/posts\/290375\/revisions"}],"wp:featuredmedia":[{"embeddable":true,"href":"https:\/\/www.europesays.com\/ch-fr\/wp-json\/wp\/v2\/media\/290376"}],"wp:attachment":[{"href":"https:\/\/www.europesays.com\/ch-fr\/wp-json\/wp\/v2\/media?parent=290375"}],"wp:term":[{"taxonomy":"category","embeddable":true,"href":"https:\/\/www.europesays.com\/ch-fr\/wp-json\/wp\/v2\/categories?post=290375"},{"taxonomy":"post_tag","embeddable":true,"href":"https:\/\/www.europesays.com\/ch-fr\/wp-json\/wp\/v2\/tags?post=290375"}],"curies":[{"name":"wp","href":"https:\/\/api.w.org\/{rel}","templated":true}]}}