{"id":290377,"date":"2026-09-03T21:50:16","date_gmt":"2026-09-03T21:50:16","guid":{"rendered":"https:\/\/www.europesays.com\/ch-fr\/290377\/"},"modified":"2026-09-03T21:50:16","modified_gmt":"2026-09-03T21:50:16","slug":"coghuf-a-lhonneur-dans-trois-musees-jurassiens","status":"publish","type":"post","link":"https:\/\/www.europesays.com\/ch-fr\/290377\/","title":{"rendered":"Coghuf \u00e0 l\u2019honneur dans trois mus\u00e9es jurassiens"},"content":{"rendered":"<p>Une exposition se d\u00e9ploie dans tout le Jura pour marquer les 50 ans de la disparition de Coghuf. Les mus\u00e9es de Moutier, Del\u00e9mont et Porrentruy s\u2019associent pour proposer une r\u00e9trospective, \u00ab la plus vaste organis\u00e9e depuis la disparition de l\u2019artiste \u00bb en f\u00e9vrier 1976. Intitul\u00e9e <a href=\"https:\/\/coghuf26.ch\/fr\/#top\" target=\"_blank\" rel=\"nofollow noopener\">\u00ab Coghuf, peintre du Jura \u00bb<\/a>, elle r\u00e9unit 174 \u0153uvres, essentiellement des peintures, r\u00e9parties entre les trois institutions. Mais cette r\u00e9trospective, pr\u00e9sent\u00e9e jeudi matin \u00e0 Muriaux, d\u00e9passe \u00e9galement les murs des mus\u00e9es. Elle convie le public \u00e0 Muriaux pour d\u00e9couvrir la ferme-atelier du peintre, b\u00e2lois de naissance et jurassien d\u2019adoption. Elle offrira aussi la possibilit\u00e9 de visiter une collection priv\u00e9e au B\u00e9mont, dans une maison ayant appartenu \u00e0 Ernst Stocker, Coghuf de son nom d&rsquo;artiste. Cette r\u00e9trospective est \u00e0 d\u00e9couvrir d\u00e8s dimanche et jusqu\u2019\u00e0 fin janvier.<\/p>\n<p>Des \u0153uvres plus vues depuis 50 ans<\/p>\n<p>Pour y parvenir, il a fallu faire des choix, en fonction de th\u00e9matiques et de coups de c\u0153ur. \u00ab On s\u2019est r\u00e9partis des sujets, des th\u00e8mes, entre les mus\u00e9es. \u00c0 partir de l\u00e0, on a essay\u00e9 de chercher les \u0153uvres les plus belles et les plus embl\u00e9matiques \u00bb, explique Yves Guignard. C\u2019est ainsi que le Mus\u00e9e jurassien des arts \u00e0 Moutier d\u00e9cline son exposition sous le titre \u00ab Coghuf dans la ville, Coghuf politique \u00bb. Le Mus\u00e9e jurassien d\u2019art et d\u2019histoire \u00e0 Del\u00e9mont a opt\u00e9 pour \u00ab Coghuf sans fronti\u00e8res \u00bb, alors que le Mus\u00e9e de l\u2019H\u00f4tel-Dieu \u00e0 Porrentruy pr\u00e9sente \u00ab L\u2019ancrage dans le paysage \u2013 Coghuf intime et intemporel \u00bb. Chaque exposition se visite s\u00e9par\u00e9ment \u00ab comme un tout et pas comme une partie de quelque chose \u00bb, pr\u00e9cise le commissaire de l&rsquo;exposition et historien de l&rsquo;art. Un important travail de restaurations et de r\u00e9encadrements a \u00e9t\u00e9 effectu\u00e9, alors que de grandes \u0153uvres con\u00e7ues pour l\u2019espace public sont remontr\u00e9es pour la premi\u00e8re fois depuis 50 ans apr\u00e8s avoir pass\u00e9 des d\u00e9cennies dans des d\u00e9p\u00f4ts.<\/p>\n<p>Un don de deux tableaux et une publication<\/p>\n<p>Cette vaste r\u00e9trospective s\u2019accompagne d\u2019un ouvrage de 312 pages, en fran\u00e7ais et en allemand. Il se veut \u00eatre une contribution \u00e0 la connaissance de l\u2019\u0153uvre de Coghuf. On y trouve 256 reproductions en couleur et une vingtaine de textes in\u00e9dits sign\u00e9s par des historiens de l\u2019art et des artistes de tout le pays.<\/p>\n<p>\u00c0 l\u2019occasion de ce 50e anniversaire, le Basler Kunstverein a fait don de deux tableaux de Coghuf \u00e0 la R\u00e9publique et Canton du Jura. Au terme de l\u2019exposition, ils seront accroch\u00e9s dans les couloirs du Lyc\u00e9e cantonal \u00e0 Porrentruy. \/msc<\/p>\n","protected":false},"excerpt":{"rendered":"Une exposition se d\u00e9ploie dans tout le Jura pour marquer les 50 ans de la disparition de Coghuf.&hellip;\n","protected":false},"author":2,"featured_media":290378,"comment_status":"","ping_status":"","sticky":false,"template":"","format":"standard","meta":{"footnotes":"","_share_on_mastodon":"0"},"categories":[10],"tags":[121,124,128,119,113,112,122,123,118,136,132,131,133,130,135,120,126,117,125,114,115,116,23,129,127,134],"class_list":["post-290377","post","type-post","status-publish","format-standard","has-post-thumbnail","category-divertissement","tag-ajoie","tag-animation","tag-bienne","tag-delemont","tag-divertissement","tag-entertainment","tag-franches-montagnes","tag-frequence","tag-jura","tag-jura-bernois","tag-la-chaux-de-fonds","tag-moutier","tag-neuchatel","tag-neuveville","tag-payerne","tag-porrentruy","tag-publicite","tag-radio","tag-redaction","tag-rfj","tag-rjb","tag-rtn","tag-suisse","tag-tavannes","tag-vallon-de-st-imier","tag-yverdon"],"share_on_mastodon":{"url":"https:\/\/pubeurope.com\/@ch_fr\/117209322230918034","error":""},"_links":{"self":[{"href":"https:\/\/www.europesays.com\/ch-fr\/wp-json\/wp\/v2\/posts\/290377","targetHints":{"allow":["GET"]}}],"collection":[{"href":"https:\/\/www.europesays.com\/ch-fr\/wp-json\/wp\/v2\/posts"}],"about":[{"href":"https:\/\/www.europesays.com\/ch-fr\/wp-json\/wp\/v2\/types\/post"}],"author":[{"embeddable":true,"href":"https:\/\/www.europesays.com\/ch-fr\/wp-json\/wp\/v2\/users\/2"}],"replies":[{"embeddable":true,"href":"https:\/\/www.europesays.com\/ch-fr\/wp-json\/wp\/v2\/comments?post=290377"}],"version-history":[{"count":0,"href":"https:\/\/www.europesays.com\/ch-fr\/wp-json\/wp\/v2\/posts\/290377\/revisions"}],"wp:featuredmedia":[{"embeddable":true,"href":"https:\/\/www.europesays.com\/ch-fr\/wp-json\/wp\/v2\/media\/290378"}],"wp:attachment":[{"href":"https:\/\/www.europesays.com\/ch-fr\/wp-json\/wp\/v2\/media?parent=290377"}],"wp:term":[{"taxonomy":"category","embeddable":true,"href":"https:\/\/www.europesays.com\/ch-fr\/wp-json\/wp\/v2\/categories?post=290377"},{"taxonomy":"post_tag","embeddable":true,"href":"https:\/\/www.europesays.com\/ch-fr\/wp-json\/wp\/v2\/tags?post=290377"}],"curies":[{"name":"wp","href":"https:\/\/api.w.org\/{rel}","templated":true}]}}