{"id":290379,"date":"2026-09-03T21:52:13","date_gmt":"2026-09-03T21:52:13","guid":{"rendered":"https:\/\/www.europesays.com\/ch-fr\/290379\/"},"modified":"2026-09-03T21:52:13","modified_gmt":"2026-09-03T21:52:13","slug":"fis-des-championnats-du-monde-presque-chaque-annee-des-2032","status":"publish","type":"post","link":"https:\/\/www.europesays.com\/ch-fr\/290379\/","title":{"rendered":"FIS : des championnats du monde presque chaque ann\u00e9e d\u00e8s 2032"},"content":{"rendered":"<p>La F\u00e9d\u00e9ration internationale de ski et de snowboard (FIS) pr\u00e9voit d&rsquo;organiser des championnats du monde presque chaque ann\u00e9e \u00e0 partir de 2032. Comme l&rsquo;a d\u00e9cid\u00e9 son Conseil lors d&rsquo;une r\u00e9union de deux jours \u00e0 Thoune, ces comp\u00e9titions auront lieu toutes les ann\u00e9es non olympiques.<\/p>\n<p>\u00c0 Thoune, le Conseil de la FIS a examin\u00e9 une \u00e9tude de faisabilit\u00e9 portant sur l&rsquo;augmentation du nombre de championnats du monde. Jusqu&rsquo;\u00e0 pr\u00e9sent, les Mondiaux des disciplines de la FIS (ski alpin, ski nordique, ski acrobatique et snowboard) n&rsquo;ont lieu que les ann\u00e9es impaires. Le concept a \u00e9t\u00e9 approuv\u00e9, indique un communiqu\u00e9 de la FIS. Par ailleurs, on examine si des championnats du monde suppl\u00e9mentaires pourraient avoir lieu d\u00e8s 2028.<\/p>\n<p>Les prochains championnats du monde de ski alpin se tiendront en 2027 \u00e0 Crans-Montana, tandis que les Mondiaux de ski nordique 2027 auront lieu \u00e0 Falun, en Su\u00e8de. Les snowboardeurs et les freestylers s&rsquo;affronteront quant \u00e0 eux \u00e0 Montafon, dans le Vorarlberg, et \u00e0 K\u00fchtai, dans le Tyrol.<\/p>\n<p class=\"sources\">ats\/tddb<\/p>\n","protected":false},"excerpt":{"rendered":"La F\u00e9d\u00e9ration internationale de ski et de snowboard (FIS) pr\u00e9voit d&rsquo;organiser des championnats du monde presque chaque ann\u00e9e&hellip;\n","protected":false},"author":2,"featured_media":290380,"comment_status":"","ping_status":"","sticky":false,"template":"","format":"standard","meta":{"footnotes":"","_share_on_mastodon":"0"},"categories":[8],"tags":[6739,5149,869,39526,466,34,1032,186,75,23,190,2085],"class_list":["post-290379","post","type-post","status-publish","format-standard","has-post-thumbnail","category-sports","tag-championnat-du-monde","tag-comite","tag-competition","tag-fis","tag-rts-sport","tag-ski","tag-ski-alpin","tag-sport","tag-sports","tag-suisse","tag-thoune","tag-tout-le-sport"],"share_on_mastodon":{"url":"https:\/\/pubeurope.com\/@ch_fr\/117209330171259251","error":""},"_links":{"self":[{"href":"https:\/\/www.europesays.com\/ch-fr\/wp-json\/wp\/v2\/posts\/290379","targetHints":{"allow":["GET"]}}],"collection":[{"href":"https:\/\/www.europesays.com\/ch-fr\/wp-json\/wp\/v2\/posts"}],"about":[{"href":"https:\/\/www.europesays.com\/ch-fr\/wp-json\/wp\/v2\/types\/post"}],"author":[{"embeddable":true,"href":"https:\/\/www.europesays.com\/ch-fr\/wp-json\/wp\/v2\/users\/2"}],"replies":[{"embeddable":true,"href":"https:\/\/www.europesays.com\/ch-fr\/wp-json\/wp\/v2\/comments?post=290379"}],"version-history":[{"count":0,"href":"https:\/\/www.europesays.com\/ch-fr\/wp-json\/wp\/v2\/posts\/290379\/revisions"}],"wp:featuredmedia":[{"embeddable":true,"href":"https:\/\/www.europesays.com\/ch-fr\/wp-json\/wp\/v2\/media\/290380"}],"wp:attachment":[{"href":"https:\/\/www.europesays.com\/ch-fr\/wp-json\/wp\/v2\/media?parent=290379"}],"wp:term":[{"taxonomy":"category","embeddable":true,"href":"https:\/\/www.europesays.com\/ch-fr\/wp-json\/wp\/v2\/categories?post=290379"},{"taxonomy":"post_tag","embeddable":true,"href":"https:\/\/www.europesays.com\/ch-fr\/wp-json\/wp\/v2\/tags?post=290379"}],"curies":[{"name":"wp","href":"https:\/\/api.w.org\/{rel}","templated":true}]}}