{"id":290381,"date":"2026-09-03T21:53:16","date_gmt":"2026-09-03T21:53:16","guid":{"rendered":"https:\/\/www.europesays.com\/ch-fr\/290381\/"},"modified":"2026-09-03T21:53:16","modified_gmt":"2026-09-03T21:53:16","slug":"ios-27-permettra-dutiliser-votre-numero-de-mobile-sur-deux-iphone-en-meme-temps","status":"publish","type":"post","link":"https:\/\/www.europesays.com\/ch-fr\/290381\/","title":{"rendered":"iOS 27 permettra d\u2019utiliser votre num\u00e9ro de mobile sur deux iPhone en m\u00eame temps"},"content":{"rendered":"<p>La prochaine mise \u00e0 jour majeure d\u2019iOS int\u00e9grera une nouvelle option de continuit\u00e9. Celle-ci permettra de synchroniser votre num\u00e9ro de mobile sur deux iPhone diff\u00e9rents pour utiliser celui-ci sur l\u2019un et l\u2019autre.<\/p>\n<p>\u00c0 quelques semaines du d\u00e9ploiement officiel d\u2019<a href=\"https:\/\/www.01net.com\/actualites\/on-a-installe-ios-27-voici-ce-qui-va-changer-sur-votre-iphone.html\" rel=\"nofollow noopener\" target=\"_blank\">iOS 27,<\/a> la prochaine mise \u00e0 jour du syst\u00e8me d\u2019exploitation de l\u2019iPhone n\u2019en a pas encore termin\u00e9 de d\u00e9voiler tous ses secrets. Car si Apple a pr\u00e9sent\u00e9 en d\u00e9tail les principales nouveaut\u00e9s de sa future mise \u00e0 jour, elle a survol\u00e9 de centaines de petites nouveaut\u00e9s \u00e0 venir.<\/p>\n<p>Parmi celles-ci, il en est une particuli\u00e8rement int\u00e9ressante qui apporte une nouvelle fonction de continuit\u00e9 \u00e0 l\u2019iPhone. Il sera en effet possible d\u2019utiliser le m\u00eame num\u00e9ro de mobile simultan\u00e9ment sur deux iPhone diff\u00e9rents.<\/p>\n<p> Le m\u00eame num\u00e9ro de mobile sur deux iPhone <\/p>\n<p>Si Apple a tr\u00e8s bri\u00e8vement \u00e9voqu\u00e9 cette fonctionnalit\u00e9 sur une diapositive recensant plusieurs centaines de nouveaut\u00e9s \u00e0 venir dans iOS 27, la firme de Cupertino n\u2019avait pas donn\u00e9 aucun d\u00e9tail suppl\u00e9mentaire.<\/p>\n<p> <img loading=\"lazy\" decoding=\"async\" class=\"size-full wp-image-1367259\" src=\"https:\/\/www.europesays.com\/ch-fr\/wp-content\/uploads\/2026\/09\/iOS-27-iPhone-Handoff.jpg\" alt=\"iOS 27 iPhone Handoff\" width=\"1920\" height=\"1080\"  \/>\u00a9 01net.com <\/p>\n<p>Mais un utilisateur des forums de MacRumors a r\u00e9ussi \u00e0 simuler cette nouvelle fonctionnalit\u00e9 en simulant deux iPhone ex\u00e9cut\u00e9s dans le Device Hub de XCode.<\/p>\n<p> <img loading=\"lazy\" decoding=\"async\" class=\"size-full wp-image-1367273\" src=\"https:\/\/www.europesays.com\/ch-fr\/wp-content\/uploads\/2026\/09\/iOS-27-iPhone-handoff_2.jpg\" alt=\"iOS 27 iPhone Handoff 2\" width=\"994\" height=\"1080\"  \/>\u00a9 pdfu (macrumors) \u2013 capture d\u2019\u00e9cran 01net.com <\/p>\n<p>On apprend ainsi que cette fonction \u00ab\u00a0iPhone handoff\u00a0\u00bb peut \u00eatre configur\u00e9e directement depuis les Param\u00e8tres d\u2019iOS, via le menu R\u00e9seau cellulaire o\u00f9 l\u2019option sera propos\u00e9e. Sa mise en place n\u00e9cessitera de configurer l\u2019iPhone que vous souhaiterez utiliser en tant qu\u2019appareil principal et de choisir l\u2019appareil qui servira de \u00ab\u00a0compagnon\u00a0\u00bb.<\/p>\n<p> <img loading=\"lazy\" decoding=\"async\" class=\"size-full wp-image-1367285\" src=\"https:\/\/www.europesays.com\/ch-fr\/wp-content\/uploads\/2026\/09\/iOS-27-iPhone-handoff_7.jpg\" alt=\"iOS 27 iPhone Handoff 7\" width=\"994\" height=\"1080\"  \/>\u00a9 pdfu (macrumors) \u2013 capture d\u2019\u00e9cran 01net.com <\/p>\n<p>Sur les captures d\u2019\u00e9cran de cette d\u00e9monstration, on apprend que l\u2019eSIM principale d\u2019un utilisateur restera sur l\u2019iPhone principal tandis qu\u2019une eSIM compagnon sera cr\u00e9\u00e9 sur l\u2019iPhone secondaire. Avec ce syst\u00e8me il sera possible de passer d\u2019un iPhone \u00e0 l\u2019autre tout en utilisant le m\u00eame num\u00e9ro de mobile. Attention toutefois, tous les param\u00e8tres cellulaires devront \u00eatre g\u00e9r\u00e9s depuis l\u2019iPhone principal. Par ailleurs, ce syst\u00e8me de synchronisation de num\u00e9ro n\u00e9cessitera une prise en charge de la part des op\u00e9rateurs.<\/p>\n<p> <img loading=\"lazy\" decoding=\"async\" class=\"size-full wp-image-1367286\" src=\"https:\/\/www.europesays.com\/ch-fr\/wp-content\/uploads\/2026\/09\/iOS-27-iPhone-handoff_8.jpg\" alt=\"iOS 27 iPhone Handoff 8\" width=\"994\" height=\"1080\"  \/>\u00a9 pdfu (macrumors) \u2013 capture d\u2019\u00e9cran 01net.com <\/p>\n<p>D\u2019apr\u00e8s l\u2019utilisateur qui a fait cette d\u00e9couverte, T-Mobile aux \u00c9tats-Unis et Deutsche Telekom en Allemagne pourraient faire partie des premiers op\u00e9rateurs proposant la prise en charge de cette nouvelle fonctionnalit\u00e9.<\/p>\n<p class=\"text-base text-neutral-700 dark:text-neutral-300\" style=\"color:grey;\">\ud83d\udc49\ud83c\udffb Suivez l\u2019actualit\u00e9 tech en temps r\u00e9el\u00a0: ajoutez 01net \u00e0 vos sources sur <a href=\"https:\/\/profile.google.com\/cp\/CgovbS8wd2Juam1fGhZodHRwczovL3d3dy4wMW5ldC5jb20v?pf=6\" target=\"_blank\" rel=\"nofollow noopener\">Google<\/a>, et abonnez-vous \u00e0 notre canal <a href=\"https:\/\/whatsapp.com\/channel\/0029VaH5gKg6xCSG9nQQhQ1Z\" target=\"_blank\" rel=\"nofollow noopener\">WhatsApp<\/a>.<\/p>\n<p>             <img decoding=\"async\" src=\"https:\/\/www.europesays.com\/ch-fr\/wp-content\/uploads\/2026\/09\/1788472396_191_4NZ4LnDsUw9UvFnnxwTz2BKfp8VD92PRD8LTt3Ek.png\" alt=\"Opera One - Navigateur web boost\u00e9 \u00e0 l\u2019IA\" loading=\"lazy\"\/>                                            Opera One &#8211; Navigateur web boost\u00e9 \u00e0 l\u2019IA                 <\/p>\n<p>Par\u00a0: Opera<\/p>\n<p class=\"post-source text-right text-sm opacity-70 not-prose\">\n            Source :<br \/>\n            <a href=\"https:\/\/www.macrumors.com\/2026\/09\/02\/ios-27-iphone-handoff-feature\/\" target=\"_blank\" rel=\"noopener nofollow\" class=\"italic\"><br \/>\n              MacRumors<br \/>\n            <\/a>\n          <\/p>\n","protected":false},"excerpt":{"rendered":"La prochaine mise \u00e0 jour majeure d\u2019iOS int\u00e9grera une nouvelle option de continuit\u00e9. Celle-ci permettra de synchroniser votre&hellip;\n","protected":false},"author":2,"featured_media":290382,"comment_status":"","ping_status":"","sticky":false,"template":"","format":"standard","meta":{"footnotes":"","_share_on_mastodon":"0"},"categories":[7],"tags":[6306,21884,5227,61,57,59,58,23,60,62],"class_list":["post-290381","post","type-post","status-publish","format-standard","has-post-thumbnail","category-sciences-et-technologies","tag-esim","tag-ios-27","tag-iphone","tag-science","tag-science-and-technology","tag-sciences","tag-sciences-et-technologies","tag-suisse","tag-technologies","tag-technology"],"share_on_mastodon":{"url":"https:\/\/pubeurope.com\/@ch_fr\/117209334817658584","error":""},"_links":{"self":[{"href":"https:\/\/www.europesays.com\/ch-fr\/wp-json\/wp\/v2\/posts\/290381","targetHints":{"allow":["GET"]}}],"collection":[{"href":"https:\/\/www.europesays.com\/ch-fr\/wp-json\/wp\/v2\/posts"}],"about":[{"href":"https:\/\/www.europesays.com\/ch-fr\/wp-json\/wp\/v2\/types\/post"}],"author":[{"embeddable":true,"href":"https:\/\/www.europesays.com\/ch-fr\/wp-json\/wp\/v2\/users\/2"}],"replies":[{"embeddable":true,"href":"https:\/\/www.europesays.com\/ch-fr\/wp-json\/wp\/v2\/comments?post=290381"}],"version-history":[{"count":0,"href":"https:\/\/www.europesays.com\/ch-fr\/wp-json\/wp\/v2\/posts\/290381\/revisions"}],"wp:featuredmedia":[{"embeddable":true,"href":"https:\/\/www.europesays.com\/ch-fr\/wp-json\/wp\/v2\/media\/290382"}],"wp:attachment":[{"href":"https:\/\/www.europesays.com\/ch-fr\/wp-json\/wp\/v2\/media?parent=290381"}],"wp:term":[{"taxonomy":"category","embeddable":true,"href":"https:\/\/www.europesays.com\/ch-fr\/wp-json\/wp\/v2\/categories?post=290381"},{"taxonomy":"post_tag","embeddable":true,"href":"https:\/\/www.europesays.com\/ch-fr\/wp-json\/wp\/v2\/tags?post=290381"}],"curies":[{"name":"wp","href":"https:\/\/api.w.org\/{rel}","templated":true}]}}