{"id":290449,"date":"2026-09-03T22:32:27","date_gmt":"2026-09-03T22:32:27","guid":{"rendered":"https:\/\/www.europesays.com\/ch-fr\/290449\/"},"modified":"2026-09-03T22:32:27","modified_gmt":"2026-09-03T22:32:27","slug":"le-pape-exhorte-les-eveques-du-monde-arabe-a-etre-une-voix-de-verite-et-de-paix","status":"publish","type":"post","link":"https:\/\/www.europesays.com\/ch-fr\/290449\/","title":{"rendered":"Le Pape exhorte les \u00e9v\u00eaques du monde arabe \u00e0 \u00eatre une \u00abvoix de v\u00e9rit\u00e9 et de paix\u00bb"},"content":{"rendered":"<p>Le Pape a re\u00e7u ce jeudi matin des membres de la Conf\u00e9rence \u00e9piscopale latine des r\u00e9gions arabes (CELRA). Une dizaine d\u2019\u00e9v\u00eaques du Liban, de Jordanie, de Syrie, de Palestine ou encore d\u2019Egypte. \u00abVous n\u2019\u00eates pas seuls\u00bb, leur a assur\u00e9 L\u00e9on XIV, qui les appelle \u00e0 \u00eatre des artisans de la r\u00e9conciliation. Dans \u00abun contexte de conflits et de divisions\u00bb, le Pape a tenu aussi \u00e0 saluer la pers\u00e9v\u00e9rance de ces communaut\u00e9s chr\u00e9tiennes, \u00abt\u00e9moignage pr\u00e9cieux pour toute l\u2019\u00c9glise\u00bb.&#13;<br \/>\n&#13;\n<\/p>\n<p>Vatican News<\/p>\n<p>\u00abVos \u00c9glises ont connu le t\u00e9moignage du martyre\u00bb, a d&rsquo;abord expliqu\u00e9 le Saint-P\u00e8re aux \u00e9v\u00eaques latins, repr\u00e9sentants des communaut\u00e9s chr\u00e9tiennes \u00abde contr\u00e9es marqu\u00e9es par la violence, o\u00f9 de nombreux pr\u00eatres, religieux et fid\u00e8les ont donn\u00e9 leur vie\u00bb. C\u2019est une invitation \u00e0 \u00abne c\u00e9der ni \u00e0 la peur ni \u00e0 la r\u00e9signation\u00bb, a soulign\u00e9 L\u00e9on XIV, qui a re\u00e7u treize \u00e9v\u00eaques de la CELRA, venus des pays du Golfe, de Beyrouth, de Damas et de Amman, de J\u00e9rusalem ou encore du Caire et de Djibouti. Autant de r\u00e9alit\u00e9s diff\u00e9rentes et complexes, o\u00f9 leurs \u00c9glises, a soulign\u00e9 le Pape, \u00ab\u0153uvrent dans des contextes souvent marqu\u00e9s par des tensions politiques, sociales et religieuses\u00bb.<\/p>\n<p>\u00ab\u00c9couter, soutenir, consoler\u00bb <\/p>\n<p>Reconnaissant le t\u00e9moignage des chr\u00e9tiens, \u00e0 travers leur pers\u00e9v\u00e9rance, le Souverain pontife a tenu \u00e0 rappeler le r\u00f4le des \u00c9glises dans ces \u00abcontr\u00e9es touch\u00e9es par la violence\u00bb: \u00ab\u00e9couter, soutenir, consoler\u00bb. C\u2019est un appel fort que le Pape a lanc\u00e9 \u00e0 la Conf\u00e9rence \u00e9piscopale latine des r\u00e9gions arabes, \u00e0 montrer l\u2019exemple qu\u2019il est \u00abpossible de vivre, servir et esp\u00e9rer ensemble\u00bb, au c\u0153ur m\u00eame de leurs \u00absoci\u00e9t\u00e9s marqu\u00e9es par les conflits et les divisions\u00bb. Car m\u00eame petite, la pr\u00e9sence chr\u00e9tienne est \u00abpr\u00e9cieuse\u00bb dans ce contexte, insiste L\u00e9on XIV. Le Pape l\u2019a assur\u00e9 aux \u00e9v\u00eaques: \u00abvous n\u2019\u00eates pas seuls\u00bb.<\/p>\n<p>\u00abN\u2019ayez pas peur de votre petitesse. La f\u00e9condit\u00e9 de l\u2019\u00c9glise ne se mesure pas au nombre, aux structures ou aux ressources, mais \u00e0 la fid\u00e9lit\u00e9 \u00e0 l\u2019\u00c9vangile\u00bb, a rassur\u00e9 L\u00e9on XIV. \u00abUne petite communaut\u00e9, si elle est enracin\u00e9e dans le Christ, peut \u00eatre une pr\u00e9sence pr\u00e9cieuse: non pas parce qu\u2019elle recherche le pouvoir, mais parce qu\u2019elle sert; non pas parce qu\u2019elle s\u2019impose, mais parce qu\u2019elle t\u00e9moigne; non pas parce qu\u2019elle r\u00e9pond \u00e0 la violence par la violence, mais parce qu\u2019elle oppose la charit\u00e9 \u00e0 la force\u00bb.<\/p>\n<p>\u201cN\u2019ayez pas peur de votre petitesse. La f\u00e9condit\u00e9 de l\u2019\u00c9glise ne se mesure pas au nombre, aux structures ou aux ressources, mais \u00e0 la fid\u00e9lit\u00e9 \u00e0 l\u2019\u00c9vangile.\u201d<\/p>\n<p>\u00abLorsque les communaut\u00e9s s\u2019affaiblissent et que de nombreuses familles sont contraintes d\u2019\u00e9migrer, votre minist\u00e8re devient encore plus n\u00e9cessaire\u00bb, a encore invit\u00e9 le Pape. \u00abSoyez toujours des pasteurs proches de votre peuple, capables de partager ses blessures, d\u2019\u00e9couter, de soutenir et de consoler, afin que, par votre pr\u00e9sence, la proximit\u00e9 de Dieu puisse se manifester\u00bb.\u00a0<\/p>\n<p>Une \u00c9glise capable de servir est une \u00c9glise qui prie <\/p>\n<p>Il a exhort\u00e9 en particulier les \u00e9v\u00eaques latins, \u00e0 prendre soin des familles et des jeunes, mais aussi des personnes migrantes, qui sont confront\u00e9es \u00e0 la solitude et la pr\u00e9carit\u00e9, notamment dans les pays du Golfe, a d\u00e9plor\u00e9 le Saint-P\u00e8re.\u00a0<\/p>\n<p>     <a href=\"https:\/\/www.vaticannews.va\/fr\/eglise\/news\/2026-08\/chretiens-negociations-paix-proche-orient-guerre-conflits-espoir.html\" title=\"\u00c0 Assise, le cardinal Pizzaballa affirme que \u00ables chr\u00e9tiens veulent la paix\u00bb\" rel=\"nofollow noopener\" target=\"_blank\"><\/p>\n<p>        <img decoding=\"async\" src=\"data:image\/gif;base64,R0lGODlhAQABAIAAAAAAAP\/\/\/yH5BAEAAAAALAAAAAABAAEAAAIBRAA7\" data-original=\"https:\/\/www.vaticannews.va\/content\/dam\/vaticannews\/agenzie\/images\/ansa\/2026\/08\/05\/18\/1785947130492.jpg\/_jcr_content\/renditions\/cq5dam.thumbnail.cropped.500.281.jpeg\" alt=\"\u00c0 Assise, le cardinal Pizzaballa affirme que \u00ables chr\u00e9tiens veulent la paix\u00bb\"\/><\/p>\n<p>      <\/a><\/p>\n<p>\n      Le patriarche latin de J\u00e9rusalem est venu \u00e0 Assise dans cette ville de l\u2019Ombrie pour inaugurer la \u00abGlobal House of Friendship and Hope\u00bb, un nouveau projet international promu par &#8230;\n     <\/p>\n<p>\u00abAu c\u0153ur de soci\u00e9t\u00e9s marqu\u00e9es par les conflits et les divisions, que vos communaut\u00e9s montrent qu\u2019il est possible de vivre, de servir et d\u2019esp\u00e9rer ensemble, a encore exhort\u00e9 L\u00e9on XIV. \u00c0 travers les paroisses, les \u00e9coles, les h\u00f4pitaux et les \u0153uvres de charit\u00e9, vous donnez corps \u00e0 l\u2019\u00c9vangile, en accueillant, en \u00e9coutant et en soutenant ceux qui sont dans le besoin\u00bb. Au milieu des situations d\u2019urgence, \u00abne perdez pas de vue l\u2019essentiel de la mission de l\u2019\u00c9glise: l\u2019annonce de l\u2019\u00c9vangile, la pri\u00e8re, les sacrements et la formation chr\u00e9tienne. Une \u00c9glise capable de servir doit \u00eatre avant tout une \u00c9glise qui prie, qui \u00e9coute la Parole et qui vit des sacrements\u00bb a-t-il encore encourag\u00e9.\u00a0<\/p>\n<p>\u00abLa voix de la v\u00e9rit\u00e9, de la justice et de la paix\u00bb <\/p>\n<p>Dans son adresse aux \u00e9v\u00eaques latins, le Saint-P\u00e8re a \u00e9galement insist\u00e9 sur le dialogue interreligieux. Dans des r\u00e9gions arabes o\u00f9 se c\u00f4toient divers rites chr\u00e9tiens, ainsi que les communaut\u00e9s musulmanes, cette diversit\u00e9 ne doit pas \u00eatre frein, bien au contraire. Il faut \u00abvivre son identit\u00e9 \u00e0 travers le dialogue\u00bb, a exhort\u00e9 L\u00e9on XIV: c\u2019est \u00abune richesse \u00e0 vivre dans l\u2019unit\u00e9\u00bb.<\/p>\n<p>Sans chercher \u00e0 \u00abr\u00e9soudre tous les probl\u00e8mes\u00bb ni chercher le succ\u00e8s, les \u00e9v\u00eaques des r\u00e9gions arabes ont \u00e9t\u00e9 invit\u00e9s par le Pape \u00e0 \u00eatre \u00abla voix de la v\u00e9rit\u00e9, de la justice et de la paix; des hommes de pri\u00e8re, des pasteurs proches de votre peuple, des artisans de la r\u00e9conciliation et des t\u00e9moins de la mis\u00e9ricorde\u00bb.<\/p>\n<p>\u00abL\u00e0 o\u00f9 la guerre a sem\u00e9 la m\u00e9fiance, chaque geste d\u2019estime, de collaboration et de respect peut devenir un pas vers la r\u00e9conciliation et la paix.\u00bb. Le Pape l&rsquo;a rappel\u00e9: \u00abaucun geste accompli au nom du Christ n\u2019est vain: une pri\u00e8re, une parole de consolation, une famille accompagn\u00e9e, un enfant \u00e9duqu\u00e9 dans la foi, un pauvre accueilli sont autant de graines d\u2019un avenir nouveau\u00bb.<\/p>\n<p>Le Pape a enfin confi\u00e9 \u00e0 la Vierge Marie \u00abceux qui assument des responsabilit\u00e9s politiques et sociales, afin qu\u2019ils sachent rechercher le bien commun et ouvrir des voies de r\u00e9conciliation\u00bb.<\/p>\n","protected":false},"excerpt":{"rendered":"Le Pape a re\u00e7u ce jeudi matin des membres de la Conf\u00e9rence \u00e9piscopale latine des r\u00e9gions arabes (CELRA).&hellip;\n","protected":false},"author":2,"featured_media":290450,"comment_status":"","ping_status":"","sticky":false,"template":"","format":"standard","meta":{"footnotes":"","_share_on_mastodon":"0"},"categories":[5],"tags":[2103,63257,1404,61153,34189,1996,40,4800,4138,21296,21984,41,42],"class_list":["post-290449","post","type-post","status-publish","format-standard","has-post-thumbnail","category-international","tag-audiences","tag-chretiens","tag-eglise-catholique","tag-eglises-orientales","tag-eveques","tag-guerre","tag-international","tag-moyen-orient","tag-paix","tag-pape-leon-xiv","tag-saint-siege","tag-world","tag-world-news"],"share_on_mastodon":{"url":"https:\/\/pubeurope.com\/@ch_fr\/117209487524535791","error":""},"_links":{"self":[{"href":"https:\/\/www.europesays.com\/ch-fr\/wp-json\/wp\/v2\/posts\/290449","targetHints":{"allow":["GET"]}}],"collection":[{"href":"https:\/\/www.europesays.com\/ch-fr\/wp-json\/wp\/v2\/posts"}],"about":[{"href":"https:\/\/www.europesays.com\/ch-fr\/wp-json\/wp\/v2\/types\/post"}],"author":[{"embeddable":true,"href":"https:\/\/www.europesays.com\/ch-fr\/wp-json\/wp\/v2\/users\/2"}],"replies":[{"embeddable":true,"href":"https:\/\/www.europesays.com\/ch-fr\/wp-json\/wp\/v2\/comments?post=290449"}],"version-history":[{"count":0,"href":"https:\/\/www.europesays.com\/ch-fr\/wp-json\/wp\/v2\/posts\/290449\/revisions"}],"wp:featuredmedia":[{"embeddable":true,"href":"https:\/\/www.europesays.com\/ch-fr\/wp-json\/wp\/v2\/media\/290450"}],"wp:attachment":[{"href":"https:\/\/www.europesays.com\/ch-fr\/wp-json\/wp\/v2\/media?parent=290449"}],"wp:term":[{"taxonomy":"category","embeddable":true,"href":"https:\/\/www.europesays.com\/ch-fr\/wp-json\/wp\/v2\/categories?post=290449"},{"taxonomy":"post_tag","embeddable":true,"href":"https:\/\/www.europesays.com\/ch-fr\/wp-json\/wp\/v2\/tags?post=290449"}],"curies":[{"name":"wp","href":"https:\/\/api.w.org\/{rel}","templated":true}]}}