{"id":290465,"date":"2026-09-03T22:43:15","date_gmt":"2026-09-03T22:43:15","guid":{"rendered":"https:\/\/www.europesays.com\/ch-fr\/290465\/"},"modified":"2026-09-03T22:43:15","modified_gmt":"2026-09-03T22:43:15","slug":"un-spectacle-authentique-sincere-et-puissant-sandra-kim-en-tournee-en-belgique-pour-ses-40-ans-de-carriere","status":"publish","type":"post","link":"https:\/\/www.europesays.com\/ch-fr\/290465\/","title":{"rendered":"\u00ab\u00a0Un spectacle authentique, sinc\u00e8re et puissant\u00a0\u00bb : Sandra Kim en tourn\u00e9e en Belgique pour ses 40 ans de carri\u00e8re"},"content":{"rendered":"<p class=\"ap-StoryElement ap-StoryElement--mb ap-StoryText\">Accompagn\u00e9e de son band, elle assurera quatre concerts, r\u00e9unissant les chansons qui ont jalonn\u00e9 son parcours et marqu\u00e9 plusieurs g\u00e9n\u00e9rations. \u00ab\u00a0Entre classiques intemporels, versions in\u00e9dites et moments de confidence, c&rsquo;est aussi la femme derri\u00e8re la voix qui se d\u00e9voilera sur sc\u00e8ne\u00a0\u00bb, indiquent jeudi les organisateurs dans un communiqu\u00e9.<\/p>\n<p class=\"ap-StoryElement ap-StoryElement--mb ap-StoryText\">\u00ab\u00a0\u00c0 l&rsquo;image de Sandra, ce spectacle sera authentique, sinc\u00e8re et puissant. Sans artifices, il laissera toute la place \u00e0 la musique, aux \u00e9motions et au lien unique qui unit l&rsquo;artiste \u00e0 son public depuis quatre d\u00e9cennies\u00a0\u00bb, poursuivent-ils.<\/p>\n","protected":false},"excerpt":{"rendered":"Accompagn\u00e9e de son band, elle assurera quatre concerts, r\u00e9unissant les chansons qui ont jalonn\u00e9 son parcours et marqu\u00e9&hellip;\n","protected":false},"author":2,"featured_media":290466,"comment_status":"","ping_status":"","sticky":false,"template":"","format":"standard","meta":{"footnotes":"","_share_on_mastodon":"0"},"categories":[12],"tags":[5577,113,112,140,141,3651,824,23],"class_list":["post-290465","post","type-post","status-publish","format-standard","has-post-thumbnail","category-musique","tag-agenda","tag-divertissement","tag-entertainment","tag-music","tag-musique","tag-personnalites","tag-spectacles","tag-suisse"],"share_on_mastodon":{"url":"https:\/\/pubeurope.com\/@ch_fr\/117209530636437853","error":""},"_links":{"self":[{"href":"https:\/\/www.europesays.com\/ch-fr\/wp-json\/wp\/v2\/posts\/290465","targetHints":{"allow":["GET"]}}],"collection":[{"href":"https:\/\/www.europesays.com\/ch-fr\/wp-json\/wp\/v2\/posts"}],"about":[{"href":"https:\/\/www.europesays.com\/ch-fr\/wp-json\/wp\/v2\/types\/post"}],"author":[{"embeddable":true,"href":"https:\/\/www.europesays.com\/ch-fr\/wp-json\/wp\/v2\/users\/2"}],"replies":[{"embeddable":true,"href":"https:\/\/www.europesays.com\/ch-fr\/wp-json\/wp\/v2\/comments?post=290465"}],"version-history":[{"count":0,"href":"https:\/\/www.europesays.com\/ch-fr\/wp-json\/wp\/v2\/posts\/290465\/revisions"}],"wp:featuredmedia":[{"embeddable":true,"href":"https:\/\/www.europesays.com\/ch-fr\/wp-json\/wp\/v2\/media\/290466"}],"wp:attachment":[{"href":"https:\/\/www.europesays.com\/ch-fr\/wp-json\/wp\/v2\/media?parent=290465"}],"wp:term":[{"taxonomy":"category","embeddable":true,"href":"https:\/\/www.europesays.com\/ch-fr\/wp-json\/wp\/v2\/categories?post=290465"},{"taxonomy":"post_tag","embeddable":true,"href":"https:\/\/www.europesays.com\/ch-fr\/wp-json\/wp\/v2\/tags?post=290465"}],"curies":[{"name":"wp","href":"https:\/\/api.w.org\/{rel}","templated":true}]}}