{"id":290469,"date":"2026-09-03T22:45:20","date_gmt":"2026-09-03T22:45:20","guid":{"rendered":"https:\/\/www.europesays.com\/ch-fr\/290469\/"},"modified":"2026-09-03T22:45:20","modified_gmt":"2026-09-03T22:45:20","slug":"la-nouvelle-collaboration-automnale-dhm-avec-elie-saab-debutera-le-mois-prochain","status":"publish","type":"post","link":"https:\/\/www.europesays.com\/ch-fr\/290469\/","title":{"rendered":"La nouvelle collaboration automnale d&rsquo;H&#038;M avec Elie Saab d\u00e9butera le mois prochain"},"content":{"rendered":"<p>\n                                        Traduit par<br \/>\n                                        <br \/>Cecile Herrero\n                                    <\/p>\n<p>\n                                    Publi\u00e9 le<br \/>\n                                    <\/p>\n<p>                                        3 septembre 2026<\/p>\n<p class=\"article-content col-md-8 offset-md-1\">\n                                Dans un monde de la mode o\u00f9 les collaborations se succ\u00e8dent \u00e0 un rythme effr\u00e9n\u00e9, le partenariat automnal de H&amp;M avec un cr\u00e9ateur parvient g\u00e9n\u00e9ralement \u00e0 se d\u00e9marquer. Et l\u2019enseigne vient de d\u00e9voiler le grand nom de cette ann\u00e9e: <a class=\"fnwAddLinks\" href=\"https:\/\/ch.fashionnetwork.com\/tags-elie-saab\" title=\"Elie Saab\" rel=\"nofollow noopener\" target=\"_blank\">Elie Saab<\/a>.<\/p>\n<p><img decoding=\"async\" class=\"news-image\" style=\"width:100%;\" src=\"https:\/\/www.europesays.com\/ch-fr\/wp-content\/uploads\/2026\/09\/1b6b.jpg\" alt=\"\" width=\"1980\" height=\"1220\" fetchpriority=\"high\"\/> Elie Saab x H&amp;M<\/p>\n<p>C\u2019est un choix int\u00e9ressant, compte tenu de la sp\u00e9cialisation d\u2019Elie Saab dans les tenues de soir\u00e9e et de son statut parmi les plus grandes maisons de haute couture au monde.<\/p>\n<p>Saab a fond\u00e9 son entreprise \u00e0 Beyrouth en tant que marque de robes de mari\u00e9e, avant de s\u2019\u00e9tendre aux tenues de soir\u00e9e, tout en devenant l\u2019un des premiers membres internationaux de la prestigieuse Chambre Syndicale de la Haute Couture fran\u00e7aise.<\/p>\n<p class=\"col-md-8 offset-md-1 article-content--texte\">La maison est r\u00e9guli\u00e8rement pr\u00e9sente sur les tapis rouges du monde entier ; H&amp;M indique qu\u2019elle \u00ab refl\u00e8te une vision de la mode ancr\u00e9e dans l\u2019artisanat, le raffinement, le glamour et le luxe moderne \u00bb.<\/p>\n<p>Mais puisque l\u2019univers de la marque s\u2019\u00e9tend d\u00e9sormais au-del\u00e0 de la couture pour inclure le pr\u00eat-\u00e0-porter et les accessoires, la collaboration avec H&amp;M offre manifestement de nombreuses cat\u00e9gories \u00e0 exploiter, m\u00eame si la photo promotionnelle publi\u00e9e pour accompagner l\u2019annonce met fortement l\u2019accent sur l\u2019h\u00e9ritage de la marque en mati\u00e8re de tenues de soir\u00e9e et de tapis rouge.<\/p>\n<p>On nous indique que la collection Elie Saab pour H&amp;M \u00ab refl\u00e9tera la vision contemporaine de la marque, ainsi que ses codes maison. Elle comprendra des v\u00eatements pour femmes, pour hommes et une gamme d\u2019accessoires, y compris des chaussures. Parmi les pi\u00e8ces phares, on trouvera des robes orn\u00e9es, des pi\u00e8ces s\u00e9par\u00e9es chatoyantes et des tailleurs aux coupes nettes. Les d\u00e9tails incluront de la dentelle fine, des paillettes en d\u00e9grad\u00e9 et des monogrammes signature \u00bb.<\/p>\n<p>Ann-Sofie Johansson, conseill\u00e8re cr\u00e9ative chez H&amp;M et responsable du design pour la mode f\u00e9minine, a qualifi\u00e9 cette initiative de \u00ab collaboration majeure \u00bb et a d\u00e9clar\u00e9 que les clients peuvent s\u2019attendre \u00e0 \u00ab une collection magique, ornement\u00e9e et glamour \u00bb.<\/p>\n<p>La collection sera lanc\u00e9e dans une s\u00e9lection de magasins H&amp;M et en ligne le 22 octobre, juste \u00e0 temps pour la saison des f\u00eates.\n                            <\/p>\n<p>\n                                Tous droits de reproduction et de repr\u00e9sentation r\u00e9serv\u00e9s.<br \/>\u00a9 2026 FashionNetwork.com\n                            <\/p>\n","protected":false},"excerpt":{"rendered":"Traduit par Cecile Herrero Publi\u00e9 le 3 septembre 2026 Dans un monde de la mode o\u00f9 les collaborations&hellip;\n","protected":false},"author":2,"featured_media":290470,"comment_status":"","ping_status":"","sticky":false,"template":"","format":"standard","meta":{"footnotes":"","_share_on_mastodon":"0"},"categories":[10],"tags":[4241,29868,22127,113,20595,112,5318,822,12729,19765,1891,6608,23,28321],"class_list":["post-290469","post","type-post","status-publish","format-standard","has-post-thumbnail","category-divertissement","tag-beaute","tag-contact","tag-cosmetiques","tag-divertissement","tag-elie-saab","tag-entertainment","tag-luxe","tag-mode","tag-parfum","tag-professionnel","tag-professionnels","tag-reseau","tag-suisse","tag-textile"],"share_on_mastodon":{"url":"https:\/\/pubeurope.com\/@ch_fr\/117209538663291609","error":""},"_links":{"self":[{"href":"https:\/\/www.europesays.com\/ch-fr\/wp-json\/wp\/v2\/posts\/290469","targetHints":{"allow":["GET"]}}],"collection":[{"href":"https:\/\/www.europesays.com\/ch-fr\/wp-json\/wp\/v2\/posts"}],"about":[{"href":"https:\/\/www.europesays.com\/ch-fr\/wp-json\/wp\/v2\/types\/post"}],"author":[{"embeddable":true,"href":"https:\/\/www.europesays.com\/ch-fr\/wp-json\/wp\/v2\/users\/2"}],"replies":[{"embeddable":true,"href":"https:\/\/www.europesays.com\/ch-fr\/wp-json\/wp\/v2\/comments?post=290469"}],"version-history":[{"count":0,"href":"https:\/\/www.europesays.com\/ch-fr\/wp-json\/wp\/v2\/posts\/290469\/revisions"}],"wp:featuredmedia":[{"embeddable":true,"href":"https:\/\/www.europesays.com\/ch-fr\/wp-json\/wp\/v2\/media\/290470"}],"wp:attachment":[{"href":"https:\/\/www.europesays.com\/ch-fr\/wp-json\/wp\/v2\/media?parent=290469"}],"wp:term":[{"taxonomy":"category","embeddable":true,"href":"https:\/\/www.europesays.com\/ch-fr\/wp-json\/wp\/v2\/categories?post=290469"},{"taxonomy":"post_tag","embeddable":true,"href":"https:\/\/www.europesays.com\/ch-fr\/wp-json\/wp\/v2\/tags?post=290469"}],"curies":[{"name":"wp","href":"https:\/\/api.w.org\/{rel}","templated":true}]}}