{"id":290489,"date":"2026-09-03T22:59:21","date_gmt":"2026-09-03T22:59:21","guid":{"rendered":"https:\/\/www.europesays.com\/ch-fr\/290489\/"},"modified":"2026-09-03T22:59:21","modified_gmt":"2026-09-03T22:59:21","slug":"la-loire-photographiee-par-raoul-vaslin-sexpose-a-la-maison-bonchamps","status":"publish","type":"post","link":"https:\/\/www.europesays.com\/ch-fr\/290489\/","title":{"rendered":"La Loire photographi\u00e9e par Raoul Vaslin s\u2019expose \u00e0 la Maison Bonchamps"},"content":{"rendered":"<p data-ofstats-scroll=\"read_depth_30\">Certaines de ses photos sont dispers\u00e9es \u00e0 la Biblioth\u00e8que nationale de France, au ch\u00e2teau des Ducs de Bretagne de Nantes, au mus\u00e9e R\u00e9attu \u00e0 Arles ou encore \u00e0 la Soci\u00e9t\u00e9 fran\u00e7aise de photographie de Paris. Mais ses enfants gardent pr\u00e9cieusement le fond photographique de leur p\u00e8re. Ne pas vendre les originaux, c\u2019est \u00e9viter de continuer \u00e0 nous s\u00e9parer de lui ou de f ragmenter son \u0153uvre, confient Erwan et Marine Vaslin, ses enfants. Chaque tirage original en noir et blanc est un tr\u00e9sor esth\u00e9tique et documentaire.<\/p>\n<p>                        <img decoding=\"async\" class=\"su-media\" title=\"Une des nombreuses photos de Loire prises par le photographe Raoul Vaslin.\" src=\"data:image\/png;base64,iVBORw0KGgoAAAANSUhEUgAAABAAAAAJCAYAAAA7KqwyAAAAGXRFWHRTb2Z0d2FyZQBBZG9iZSBJbWFnZVJlYWR5ccllPAAAABhJREFUeNpi\/P\/\/PwMlgHHUgFEDgAAgwAD+lBrvy+NcxAAAAABJRU5ErkJggg==\" data-oflazyload=\"{&quot;srcset&quot;:&quot;https:\/\/media.ouest-france.fr\/v1\/pictures\/MjAyNjA5ZjZjODEyMGRlZTZlZGNlZGIxNmRlMGI5ZDkxZDQzZTU?width=320&amp;focuspoint=50%2C25&amp;cropresize=1&amp;client_id=bpeditorial&amp;sign=8b9c2e371bdfe7cee756f0e462bbc0fbd7815c1ff9c22c0fcda54c3c688bc3a0 280w, https:\/\/media.ouest-france.fr\/v1\/pictures\/MjAyNjA5ZjZjODEyMGRlZTZlZGNlZGIxNmRlMGI5ZDkxZDQzZTU?width=375&amp;focuspoint=50%2C25&amp;cropresize=1&amp;client_id=bpeditorial&amp;sign=8ce7c5863ce9b7d43fc3d6586d71ea81718c47c7dba97a5fff59b8b3f5c235ac 360w, https:\/\/media.ouest-france.fr\/v1\/pictures\/MjAyNjA5ZjZjODEyMGRlZTZlZGNlZGIxNmRlMGI5ZDkxZDQzZTU?width=480&amp;focuspoint=50%2C25&amp;cropresize=1&amp;client_id=bpeditorial&amp;sign=73c3d02231145e220ee7c0958ce89e99bab84bef3762e166fc2ea295056d559e 480w, https:\/\/media.ouest-france.fr\/v1\/pictures\/MjAyNjA5ZjZjODEyMGRlZTZlZGNlZGIxNmRlMGI5ZDkxZDQzZTU?width=630&amp;focuspoint=50%2C25&amp;cropresize=1&amp;client_id=bpeditorial&amp;sign=d07fda52c17b9785ea406e64cb09e586c981021c57c7a8a6b7a46a4f418cc5d1 630w, https:\/\/media.ouest-france.fr\/v1\/pictures\/MjAyNjA5ZjZjODEyMGRlZTZlZGNlZGIxNmRlMGI5ZDkxZDQzZTU?width=940&amp;focuspoint=50%2C25&amp;cropresize=1&amp;client_id=bpeditorial&amp;sign=82a0595b1378e76efa0259b5f6dee52f283c2fe8d074fe7e408a18577bd8a78a 940w, https:\/\/media.ouest-france.fr\/v1\/pictures\/MjAyNjA5ZjZjODEyMGRlZTZlZGNlZGIxNmRlMGI5ZDkxZDQzZTU?width=1260&amp;focuspoint=50%2C25&amp;cropresize=1&amp;client_id=bpeditorial&amp;sign=68b65ca096d8b485422e5202cadf74a7d6ff263c0cc1136a1851ae52dbb9af39 1260w&quot; }\"\/><\/p>\n<p>                    Une des nombreuses photos de Loire prises par le photographe Raoul Vaslin. | RAOUL VASLIN<br \/>\n                    Voir en plein \u00e9cran<\/p>\n<p>                    <img decoding=\"async\" class=\"media\" title=\"Une des nombreuses photos de Loire prises par le photographe Raoul Vaslin.\" data-oflazyload=\"{&quot;srcset&quot;:&quot;https:\/\/media.ouest-france.fr\/v1\/pictures\/MjAyNjA5ZjZjODEyMGRlZTZlZGNlZGIxNmRlMGI5ZDkxZDQzZTU?width=320&amp;focuspoint=50%2C25&amp;cropresize=1&amp;client_id=bpeditorial&amp;sign=8b9c2e371bdfe7cee756f0e462bbc0fbd7815c1ff9c22c0fcda54c3c688bc3a0 280w, https:\/\/media.ouest-france.fr\/v1\/pictures\/MjAyNjA5ZjZjODEyMGRlZTZlZGNlZGIxNmRlMGI5ZDkxZDQzZTU?width=375&amp;focuspoint=50%2C25&amp;cropresize=1&amp;client_id=bpeditorial&amp;sign=8ce7c5863ce9b7d43fc3d6586d71ea81718c47c7dba97a5fff59b8b3f5c235ac 360w, https:\/\/media.ouest-france.fr\/v1\/pictures\/MjAyNjA5ZjZjODEyMGRlZTZlZGNlZGIxNmRlMGI5ZDkxZDQzZTU?width=480&amp;focuspoint=50%2C25&amp;cropresize=1&amp;client_id=bpeditorial&amp;sign=73c3d02231145e220ee7c0958ce89e99bab84bef3762e166fc2ea295056d559e 480w, https:\/\/media.ouest-france.fr\/v1\/pictures\/MjAyNjA5ZjZjODEyMGRlZTZlZGNlZGIxNmRlMGI5ZDkxZDQzZTU?width=630&amp;focuspoint=50%2C25&amp;cropresize=1&amp;client_id=bpeditorial&amp;sign=d07fda52c17b9785ea406e64cb09e586c981021c57c7a8a6b7a46a4f418cc5d1 630w, https:\/\/media.ouest-france.fr\/v1\/pictures\/MjAyNjA5ZjZjODEyMGRlZTZlZGNlZGIxNmRlMGI5ZDkxZDQzZTU?width=940&amp;focuspoint=50%2C25&amp;cropresize=1&amp;client_id=bpeditorial&amp;sign=82a0595b1378e76efa0259b5f6dee52f283c2fe8d074fe7e408a18577bd8a78a 940w, https:\/\/media.ouest-france.fr\/v1\/pictures\/MjAyNjA5ZjZjODEyMGRlZTZlZGNlZGIxNmRlMGI5ZDkxZDQzZTU?width=1260&amp;focuspoint=50%2C25&amp;cropresize=1&amp;client_id=bpeditorial&amp;sign=68b65ca096d8b485422e5202cadf74a7d6ff263c0cc1136a1851ae52dbb9af39 1260w&quot; }\"\/><br \/>\n                    Une des nombreuses photos de Loire prises par le photographe Raoul Vaslin. | RAOUL VASLIN<\/p>\n<p>        \u00ab\u00a0Il est mort trop jeune\u00a0\u00bb<\/p>\n<p data-ofstats-scroll=\"read_depth_40\">Petit-fils du peintre Paul Deltombe et form\u00e9 aux c\u00f4t\u00e9s de figures comme L\u00e9o Mirkine ou Daniel Leb\u00e9e, Raoul Vaslin a marqu\u00e9 la sc\u00e8ne r\u00e9gionale en cofondant le groupe \u00c9picentre pour d\u00e9centraliser l\u2019art photographique.\u00a0C\u2019est gr\u00e2ce \u00e0 lui que la premi\u00e8re exposition de Doisneau, qu\u2019il c\u00f4toyait, a pu se tenir \u00e0 Nantes, rappelle sa fille. Il souhaitait vraiment que la photographie soit reconnue comme un art, en le d\u00e9centralisant aussi de la vie parisienne.<\/p>\n<p data-ofstats-scroll=\"read_depth_60\">Install\u00e9 \u00e0 Champtoceaux, et class\u00e9 second au Prix Ni\u00e9pce en 1976, le professeur de photographie des Beaux-Arts de Nantes, a laiss\u00e9 des s\u00e9ries marquantes empreintes d\u2019intemporalit\u00e9, de po\u00e9sie. Les cadrages rigoureux et la technique de d\u00e9veloppement d\u2019un autre temps, laissent place \u00e0 l\u2019\u00e9motion.\u00a0Les odeurs de labo argentiques sont ma madeleine de Proust, m\u00eame si on n\u2019a pas baign\u00e9 dedans\u00a0!, souligne Marine Vaslin.<\/p>\n<p>                        <img decoding=\"async\" class=\"su-media\" title=\"Raoul Vaslin pris en photo par son ami Danbiel Leb\u00e9e.\" src=\"data:image\/png;base64,iVBORw0KGgoAAAANSUhEUgAAABAAAAAJCAYAAAA7KqwyAAAAGXRFWHRTb2Z0d2FyZQBBZG9iZSBJbWFnZVJlYWR5ccllPAAAABhJREFUeNpi\/P\/\/PwMlgHHUgFEDgAAgwAD+lBrvy+NcxAAAAABJRU5ErkJggg==\" data-oflazyload=\"{&quot;srcset&quot;:&quot;https:\/\/media.ouest-france.fr\/v1\/pictures\/MjAyNjA5Y2QzNGQxMjU5MDMzMzE4NGI3N2E4ZGE5MTRlM2MyYmI?width=320&amp;focuspoint=50%2C25&amp;cropresize=1&amp;client_id=bpeditorial&amp;sign=8e17e5f50862ddfd59557dbd0811a2b7459d74199963ada01080bbf2a2d077ee 280w, https:\/\/media.ouest-france.fr\/v1\/pictures\/MjAyNjA5Y2QzNGQxMjU5MDMzMzE4NGI3N2E4ZGE5MTRlM2MyYmI?width=375&amp;focuspoint=50%2C25&amp;cropresize=1&amp;client_id=bpeditorial&amp;sign=59426536beaf429fb564c0035992d784bf4afdc941cbaee9f596c293d49129f0 360w, https:\/\/media.ouest-france.fr\/v1\/pictures\/MjAyNjA5Y2QzNGQxMjU5MDMzMzE4NGI3N2E4ZGE5MTRlM2MyYmI?width=480&amp;focuspoint=50%2C25&amp;cropresize=1&amp;client_id=bpeditorial&amp;sign=2d396b84af60fe6045183c38054a699fd02c6a649622057899a9d50a66fa6887 480w, https:\/\/media.ouest-france.fr\/v1\/pictures\/MjAyNjA5Y2QzNGQxMjU5MDMzMzE4NGI3N2E4ZGE5MTRlM2MyYmI?width=630&amp;focuspoint=50%2C25&amp;cropresize=1&amp;client_id=bpeditorial&amp;sign=b4eee76a953a3b8cee60601d3a00ec7bf61ca3ada7c7cd70f66429d63b12b73e 630w, https:\/\/media.ouest-france.fr\/v1\/pictures\/MjAyNjA5Y2QzNGQxMjU5MDMzMzE4NGI3N2E4ZGE5MTRlM2MyYmI?width=940&amp;focuspoint=50%2C25&amp;cropresize=1&amp;client_id=bpeditorial&amp;sign=8990c8051e9c36b14e98f182dcb8e69999fa1b5eddd70dd7ef4d3614a0840549 940w, https:\/\/media.ouest-france.fr\/v1\/pictures\/MjAyNjA5Y2QzNGQxMjU5MDMzMzE4NGI3N2E4ZGE5MTRlM2MyYmI?width=1260&amp;focuspoint=50%2C25&amp;cropresize=1&amp;client_id=bpeditorial&amp;sign=ef14a92a4708fdd9afdc5dc9365ee022edf8251afe30a55ba7954a077f55e65b 1260w&quot; }\"\/><\/p>\n<p>                    Raoul Vaslin pris en photo par son ami Danbiel Leb\u00e9e. | DANIEL LEB\u00c9E<br \/>\n                    Voir en plein \u00e9cran<\/p>\n<p>                    <img decoding=\"async\" class=\"media\" title=\"Raoul Vaslin pris en photo par son ami Danbiel Leb\u00e9e.\" data-oflazyload=\"{&quot;srcset&quot;:&quot;https:\/\/media.ouest-france.fr\/v1\/pictures\/MjAyNjA5Y2QzNGQxMjU5MDMzMzE4NGI3N2E4ZGE5MTRlM2MyYmI?width=320&amp;focuspoint=50%2C25&amp;cropresize=1&amp;client_id=bpeditorial&amp;sign=8e17e5f50862ddfd59557dbd0811a2b7459d74199963ada01080bbf2a2d077ee 280w, https:\/\/media.ouest-france.fr\/v1\/pictures\/MjAyNjA5Y2QzNGQxMjU5MDMzMzE4NGI3N2E4ZGE5MTRlM2MyYmI?width=375&amp;focuspoint=50%2C25&amp;cropresize=1&amp;client_id=bpeditorial&amp;sign=59426536beaf429fb564c0035992d784bf4afdc941cbaee9f596c293d49129f0 360w, https:\/\/media.ouest-france.fr\/v1\/pictures\/MjAyNjA5Y2QzNGQxMjU5MDMzMzE4NGI3N2E4ZGE5MTRlM2MyYmI?width=480&amp;focuspoint=50%2C25&amp;cropresize=1&amp;client_id=bpeditorial&amp;sign=2d396b84af60fe6045183c38054a699fd02c6a649622057899a9d50a66fa6887 480w, https:\/\/media.ouest-france.fr\/v1\/pictures\/MjAyNjA5Y2QzNGQxMjU5MDMzMzE4NGI3N2E4ZGE5MTRlM2MyYmI?width=630&amp;focuspoint=50%2C25&amp;cropresize=1&amp;client_id=bpeditorial&amp;sign=b4eee76a953a3b8cee60601d3a00ec7bf61ca3ada7c7cd70f66429d63b12b73e 630w, https:\/\/media.ouest-france.fr\/v1\/pictures\/MjAyNjA5Y2QzNGQxMjU5MDMzMzE4NGI3N2E4ZGE5MTRlM2MyYmI?width=940&amp;focuspoint=50%2C25&amp;cropresize=1&amp;client_id=bpeditorial&amp;sign=8990c8051e9c36b14e98f182dcb8e69999fa1b5eddd70dd7ef4d3614a0840549 940w, https:\/\/media.ouest-france.fr\/v1\/pictures\/MjAyNjA5Y2QzNGQxMjU5MDMzMzE4NGI3N2E4ZGE5MTRlM2MyYmI?width=1260&amp;focuspoint=50%2C25&amp;cropresize=1&amp;client_id=bpeditorial&amp;sign=ef14a92a4708fdd9afdc5dc9365ee022edf8251afe30a55ba7954a077f55e65b 1260w&quot; }\"\/><br \/>\n                    Raoul Vaslin pris en photo par son ami Danbiel Leb\u00e9e. | DANIEL LEB\u00c9E<\/p>\n<p>        Un parcours inachev\u00e9<\/p>\n<p data-ofstats-scroll=\"read_depth_80\">Mort trop jeune, il n\u2019a pas eu la reconnaissance que son travail m\u00e9ritait, estiment ses enfants. Il avait 40\u00a0ans lorsqu\u2019il s\u2019est \u00e9teint, en 1985. Mais son regard continue de vivre gr\u00e2ce \u00e0 ce travail de m\u00e9moire. On a commenc\u00e9 par r\u00e9colter des t\u00e9moignages de personnes qui l\u2019ont connu et retrouv\u00e9 des tr\u00e9sors dans des correspondances avec Jean Dieuzaide ou Michel Qu\u00e9tin, expliquent-ils. Aujourd\u2019hui, faire circuler ses images nous permet d\u2019apprendre encore sur lui tout en faisant vibrer sa passion.<\/p>\n<p data-ofstats-scroll=\"read_depth_90\">Les photographies pr\u00e9sent\u00e9es \u00e0 la maison Bonchamps concerneront son travail sur la Loire et les m\u00e9tiers s\u2019y rattachant. D\u2019autres \u0153uvres seront \u00e9galement pr\u00e9sent\u00e9es, du samedi\u00a03 au dimanche 18\u00a0octobre, lors d\u2019une exposition au Prieur\u00e9 de Vair-sur-Loire\u00a0(Maine-et-Loire).<\/p>\n<p data-ofstats-scroll=\"read_depth_100\">Exposition du samedi\u00a05 au dimanche 13\u00a0septembre, de 11\u00a0h \u00e0 19\u00a0h, au 53,\u00a0rue de la basse Meilleraie. Entr\u00e9e libre.<\/p>\n","protected":false},"excerpt":{"rendered":"Certaines de ses photos sont dispers\u00e9es \u00e0 la Biblioth\u00e8que nationale de France, au ch\u00e2teau des Ducs de Bretagne&hellip;\n","protected":false},"author":2,"featured_media":290490,"comment_status":"","ping_status":"","sticky":false,"template":"","format":"standard","meta":{"footnotes":"","_share_on_mastodon":"0"},"categories":[14],"tags":[16066,414,155,156,113,112,811,63261,7526,16061,23958,23,22077],"class_list":["post-290489","post","type-post","status-publish","format-standard","has-post-thumbnail","category-arts-et-design","tag-ancenis-saint-gereon","tag-arts","tag-arts-and-design","tag-arts-et-design","tag-divertissement","tag-entertainment","tag-expositions","tag-le-cellier","tag-nantes","tag-oree-danjou","tag-saint-florent-le-vieil","tag-suisse","tag-vallons-de-lerdre"],"share_on_mastodon":{"url":"https:\/\/pubeurope.com\/@ch_fr\/117209593853692911","error":""},"_links":{"self":[{"href":"https:\/\/www.europesays.com\/ch-fr\/wp-json\/wp\/v2\/posts\/290489","targetHints":{"allow":["GET"]}}],"collection":[{"href":"https:\/\/www.europesays.com\/ch-fr\/wp-json\/wp\/v2\/posts"}],"about":[{"href":"https:\/\/www.europesays.com\/ch-fr\/wp-json\/wp\/v2\/types\/post"}],"author":[{"embeddable":true,"href":"https:\/\/www.europesays.com\/ch-fr\/wp-json\/wp\/v2\/users\/2"}],"replies":[{"embeddable":true,"href":"https:\/\/www.europesays.com\/ch-fr\/wp-json\/wp\/v2\/comments?post=290489"}],"version-history":[{"count":0,"href":"https:\/\/www.europesays.com\/ch-fr\/wp-json\/wp\/v2\/posts\/290489\/revisions"}],"wp:featuredmedia":[{"embeddable":true,"href":"https:\/\/www.europesays.com\/ch-fr\/wp-json\/wp\/v2\/media\/290490"}],"wp:attachment":[{"href":"https:\/\/www.europesays.com\/ch-fr\/wp-json\/wp\/v2\/media?parent=290489"}],"wp:term":[{"taxonomy":"category","embeddable":true,"href":"https:\/\/www.europesays.com\/ch-fr\/wp-json\/wp\/v2\/categories?post=290489"},{"taxonomy":"post_tag","embeddable":true,"href":"https:\/\/www.europesays.com\/ch-fr\/wp-json\/wp\/v2\/tags?post=290489"}],"curies":[{"name":"wp","href":"https:\/\/api.w.org\/{rel}","templated":true}]}}