{"id":290517,"date":"2026-09-03T23:17:34","date_gmt":"2026-09-03T23:17:34","guid":{"rendered":"https:\/\/www.europesays.com\/ch-fr\/290517\/"},"modified":"2026-09-03T23:17:34","modified_gmt":"2026-09-03T23:17:34","slug":"le-guingamp-photo-club-fait-son-cinema-a-la-bibliotheque-de-lanvollon","status":"publish","type":"post","link":"https:\/\/www.europesays.com\/ch-fr\/290517\/","title":{"rendered":"Le Guingamp photo club fait son cin\u00e9ma \u00e0 la biblioth\u00e8que de Lanvollon"},"content":{"rendered":"<p>La biblioth\u00e8que pour tous \u00e0 Lanvollon accueille jusqu\u2019au 28 octobre une nouvelle exposition intitul\u00e9e Guingamp photo club fait son cin\u00e9ma. \u00ab\u00a0D\u00e9couvrez nos clich\u00e9s, chacun \u00e9voquant un film grand public. \u00c0 vous de deviner lequel\u00a0! Soyez perspicaces et amusez-vous\u00a0\u00bb, soulignent Gildas Poulouin et Daniel Oberl\u00e9, membres de Guingamp photo club. <\/p>\n<p>Le th\u00e8me a \u00e9t\u00e9 choisi par les adh\u00e9rents et chacun a illustr\u00e9, par une photo cr\u00e9\u00e9e, un titre de film. Sur les tableaux, les photographes amateurs ont effectu\u00e9 des montages, certains titres de films sont simples \u00e0 deviner, d\u2019autres demandent un peu plus de r\u00e9flexion. \u00ab\u00a0Nous serons pr\u00e9sents au forum des associations \u00e0 Guingamp, samedi\u00a0\u00bb rappelle Cyril Carnec, le pr\u00e9sident.<\/p>\n<p>Pratique<\/p>\n<p class=\"note\">La biblioth\u00e8que est ouverte lundi, mercredi, vendredi et samedi de 10\u00a0h \u00e0 12\u00a0h.<\/p>\n","protected":false},"excerpt":{"rendered":"La biblioth\u00e8que pour tous \u00e0 Lanvollon accueille jusqu\u2019au 28 octobre une nouvelle exposition intitul\u00e9e Guingamp photo club fait&hellip;\n","protected":false},"author":2,"featured_media":290518,"comment_status":"","ping_status":"","sticky":false,"template":"","format":"standard","meta":{"footnotes":"","_share_on_mastodon":"0"},"categories":[14],"tags":[155,156,113,112,9748,50184,23],"class_list":["post-290517","post","type-post","status-publish","format-standard","has-post-thumbnail","category-arts-et-design","tag-arts-and-design","tag-arts-et-design","tag-divertissement","tag-entertainment","tag-guingamp","tag-lanvollon","tag-suisse"],"share_on_mastodon":{"url":"https:\/\/pubeurope.com\/@ch_fr\/117209664618983704","error":""},"_links":{"self":[{"href":"https:\/\/www.europesays.com\/ch-fr\/wp-json\/wp\/v2\/posts\/290517","targetHints":{"allow":["GET"]}}],"collection":[{"href":"https:\/\/www.europesays.com\/ch-fr\/wp-json\/wp\/v2\/posts"}],"about":[{"href":"https:\/\/www.europesays.com\/ch-fr\/wp-json\/wp\/v2\/types\/post"}],"author":[{"embeddable":true,"href":"https:\/\/www.europesays.com\/ch-fr\/wp-json\/wp\/v2\/users\/2"}],"replies":[{"embeddable":true,"href":"https:\/\/www.europesays.com\/ch-fr\/wp-json\/wp\/v2\/comments?post=290517"}],"version-history":[{"count":0,"href":"https:\/\/www.europesays.com\/ch-fr\/wp-json\/wp\/v2\/posts\/290517\/revisions"}],"wp:featuredmedia":[{"embeddable":true,"href":"https:\/\/www.europesays.com\/ch-fr\/wp-json\/wp\/v2\/media\/290518"}],"wp:attachment":[{"href":"https:\/\/www.europesays.com\/ch-fr\/wp-json\/wp\/v2\/media?parent=290517"}],"wp:term":[{"taxonomy":"category","embeddable":true,"href":"https:\/\/www.europesays.com\/ch-fr\/wp-json\/wp\/v2\/categories?post=290517"},{"taxonomy":"post_tag","embeddable":true,"href":"https:\/\/www.europesays.com\/ch-fr\/wp-json\/wp\/v2\/tags?post=290517"}],"curies":[{"name":"wp","href":"https:\/\/api.w.org\/{rel}","templated":true}]}}