{"id":290521,"date":"2026-09-03T23:19:18","date_gmt":"2026-09-03T23:19:18","guid":{"rendered":"https:\/\/www.europesays.com\/ch-fr\/290521\/"},"modified":"2026-09-03T23:19:18","modified_gmt":"2026-09-03T23:19:18","slug":"selon-mimie-mathy-patrick-bruel-ne-va-pas-bien","status":"publish","type":"post","link":"https:\/\/www.europesays.com\/ch-fr\/290521\/","title":{"rendered":"Selon Mimie Mathy, Patrick Bruel ne va \u00abpas bien\u00bb"},"content":{"rendered":"<p>Une \u00abmise \u00e0 mort bizarre\u00bb<\/p>\n<p><img alt=\"\" aria-hidden=\"true\" loading=\"lazy\" decoding=\"async\" data-nimg=\"fill\" class=\"c-image-background\" style=\"position:absolute;height:100%;width:100%;left:0;top:0;right:0;bottom:0;color:transparent\"   src=\"https:\/\/www.europesays.com\/ch-fr\/wp-content\/uploads\/2026\/09\/e9e2baa8-c839-4e99-9d83-7a0ecf4a4428.png\"\/><img loading=\"lazy\" alt=\"Mimie Mathy a indiqu\u00e9 qu'elle continuait d'\u00eatre proche de l'acteur et chanteur. (Archives)\" width=\"1021\" height=\"599\" decoding=\"async\" data-nimg=\"1\" style=\"color:transparent\"   src=\"https:\/\/www.europesays.com\/ch-fr\/wp-content\/uploads\/2026\/09\/e9e2baa8-c839-4e99-9d83-7a0ecf4a4428.png\"\/><\/p>\n<p class=\"text-dark-gray text-small mt-2\">Mimie Mathy a indiqu\u00e9 qu&rsquo;elle continuait d&rsquo;\u00eatre proche de l&rsquo;acteur et chanteur. (Archives)<\/p>\n<p class=\"text-gray text-smaller mt-1 [.ticker-entry_&amp;]:border-b [.ticker-entry_&amp;]:border-aluminum [.ticker-entry_&amp;]:pb-1\">adsf<\/p>\n<p class=\"c-stacked-spacing a-paragraph a-paragraph--lead text-h4 leading-26 md:leading-28 text-navy p-4 pb-8 md:px-0 md:pt-8\" data-t-name=\"Paragraph\">Mimie Mathy donne des nouvelles de son ami, Patrick Bruel. Et elles ne sont pas brillantes. La com\u00e9dienne a indiqu\u00e9 au \u00abParisien\u00bb qu&rsquo;elle continuait d&rsquo;\u00eatre proche de l&rsquo;acteur et chanteur.<\/p>\n<p><img alt=\"Covermedia\" loading=\"lazy\" width=\"40\" height=\"40\" decoding=\"async\" data-nimg=\"1\" class=\"h-full w-full rounded-full object-cover\" style=\"color:transparent\"  src=\"https:\/\/bluewin-prod-sc-images.imgix.net\/2026\/04\/07\/7a5fedb1-56da-4e01-a0c9-35e3098474bb.heif?w=96&amp;auto=format&amp;s=9ddb4d3b59a0cc99ba5a1aa330bced1e\"\/><\/p>\n<p class=\"author-names text-navy text-small\">Covermedia<\/p>\n<p><img alt=\"\" aria-hidden=\"true\" loading=\"lazy\" width=\"12\" height=\"12\" decoding=\"async\" data-nimg=\"1\" class=\"mr-1 h-3 w-3\" style=\"color:transparent\"  src=\"https:\/\/www.bluewin.ch\/_next\/static\/media\/021-clock.24ldz2iukf4_m.svg?w=32\"\/>03.09.2026, 14:03\u2022<img alt=\"\" aria-hidden=\"true\" loading=\"lazy\" width=\"12\" height=\"12\" decoding=\"async\" data-nimg=\"1\" class=\"mr-1 h-3 w-3\" style=\"color:transparent\"  src=\"https:\/\/www.bluewin.ch\/_next\/static\/media\/085-synchronise.2282m66wb_dy4.svg?w=32\"\/>03.09.2026, 14:57<\/p>\n<p class=\"c-paragraph text-standard wrap-break-word text-dark-gray font-thesans w-full\">\u00ab Je ne le sens pas bien. Il a la chance d&rsquo;\u00eatre entour\u00e9 par sa compagne, ses enfants, ses amis&#8230; Je pense qu&rsquo;il a h\u00e2te que tout cela soit derri\u00e8re lui \u00bb, a-t-elle indiqu\u00e9.<\/p>\n<p class=\"c-paragraph text-standard wrap-break-word text-dark-gray font-thesans w-full\">Patrick Bruel, selon \u00abParis Match\u00bb, aurait obtenu la possibilit\u00e9 de se rendre \u00e0 l&rsquo;\u00e9tranger, en Ecosse en l&rsquo;occurrence, pour passer quelques jours avec Cl\u00e9mence, sa compagne, mais il vient de prendre une d\u00e9cision professionnelle difficile, et financi\u00e8rement lourde.<\/p>\n<p class=\"c-paragraph text-standard wrap-break-word text-dark-gray font-thesans w-full\">Le 1er septembre, Patrick Bruel, qui est \u00e9galement le producteur de sa tourn\u00e9e, a annonc\u00e9 sur Instagram qu&rsquo;il annulait les concerts, cette tourn\u00e9e \u00e9tant \u00ab devenue autre chose \u00bb: \u00ab l&rsquo;incarnation d&rsquo;un d\u00e9bat qui la d\u00e9passe \u00bb. Il entend ainsi prot\u00e9ger les spectateurs et son \u00e9quipe des menaces re\u00e7ues, pr\u00e9cise son avocate sur BFMTV.<\/p>\n<p class=\"c-paragraph text-standard wrap-break-word text-dark-gray font-thesans w-full\">Mais Mimie Mathy n&rsquo;approuve pas la d\u00e9cision prise par le chanteur et producteur d&rsquo;annuler sa tourn\u00e9e de concerts sous la pression d&rsquo;\u00e9lus locaux, de personnalit\u00e9s et de groupes f\u00e9ministes. Pour elle, ce n&rsquo;est pas justifi\u00e9. \u00c0 Marc-Olivier Fogiel sur RTL, ce mercredi 2 septembre, l&rsquo;actrice a pr\u00e9cis\u00e9: \u00ab Je suis tr\u00e8s triste qu&rsquo;il se sente oblig\u00e9 d&rsquo;annuler parce que la justice, pour l&rsquo;instant, n&rsquo;a pas tranch\u00e9. C&rsquo;est \u00e0 la justice de trancher. \u00bb<\/p>\n<p class=\"c-paragraph text-standard wrap-break-word text-dark-gray font-thesans w-full\">Le chanteur et acteur est mis en examen pour viols et violences sexuelles dans quatre affaires, entendu comme t\u00e9moin assist\u00e9 dans quatre autres et sous le coup de dizaines de t\u00e9moignages de femmes qui l&rsquo;accusent de violences sexuelles, ainsi que de plaintes non encore trait\u00e9es par la justice. Patrick Bruel nie tout acte non consenti avec une femme et est pr\u00e9sum\u00e9 innocent.<\/p>\n<p class=\"c-paragraph text-standard wrap-break-word text-dark-gray font-thesans w-full\">Indulgente, Mimie Mathy temp\u00e8re les accusations port\u00e9es contre le chanteur de Qui a le droit. \u00ab Patrick, c&rsquo;est un s\u00e9ducteur. Il a \u00e9t\u00e9 s\u00e9ducteur. Il a \u00e9t\u00e9 plus harcel\u00e9 que harceleur, \u00e0 mon avis. Mais \u00e7a, c&rsquo;est la justice qui en d\u00e9cidera \u00bb, dit-elle.<\/p>\n<p class=\"c-paragraph text-standard wrap-break-word text-dark-gray font-thesans w-full\">Dans \u00abLe Parisien\u00bb, la c\u00e9l\u00e8bre interpr\u00e8te de Jos\u00e9phine, ange gardien, a dit: \u00ab Je suis consciente que ce n&rsquo;est pas un saint, personne ne l&rsquo;est. Personnellement, je ne l&rsquo;ai jamais vu forcer quelqu&rsquo;un \u00bb, ajoutant n\u00e9anmoins ne prendre \u00ab aucun parti \u00bb et \u00ab respecte(r) toutes les victimes \u00bb.<\/p>\n<p class=\"c-paragraph text-standard wrap-break-word text-dark-gray font-thesans w-full\">\u00ab Je dis simplement qu&rsquo;il faut laisser la justice faire son travail \u00bb, d\u00e9taille-t-elle tout en critiquant une \u00ab mise \u00e0 mort bizarre \u00bb, selon elle, de Patrick Bruel.<\/p>\n<p>Vid\u00e9o de la rubrique<\/p>\n<p>Elodie Gossuin r\u00e9v\u00e8le son exp\u00e9rience avec Patrick BruelElodie Gossuin a r\u00e9pondu dans l&rsquo;\u00e9mission IsaTV, le 12 juillet, \u00e0 des questions concernant Patrick Bruel. (Covermedia)<\/p>\n","protected":false},"excerpt":{"rendered":"Une \u00abmise \u00e0 mort bizarre\u00bb Mimie Mathy a indiqu\u00e9 qu&rsquo;elle continuait d&rsquo;\u00eatre proche de l&rsquo;acteur et chanteur. (Archives)&hellip;\n","protected":false},"author":2,"featured_media":290522,"comment_status":"","ping_status":"","sticky":false,"template":"","format":"standard","meta":{"footnotes":"","_share_on_mastodon":"0"},"categories":[12],"tags":[113,112,45610,140,141,23],"class_list":["post-290521","post","type-post","status-publish","format-standard","has-post-thumbnail","category-musique","tag-divertissement","tag-entertainment","tag-french-celebrities","tag-music","tag-musique","tag-suisse"],"share_on_mastodon":{"url":"https:\/\/pubeurope.com\/@ch_fr\/117209672560700014","error":""},"_links":{"self":[{"href":"https:\/\/www.europesays.com\/ch-fr\/wp-json\/wp\/v2\/posts\/290521","targetHints":{"allow":["GET"]}}],"collection":[{"href":"https:\/\/www.europesays.com\/ch-fr\/wp-json\/wp\/v2\/posts"}],"about":[{"href":"https:\/\/www.europesays.com\/ch-fr\/wp-json\/wp\/v2\/types\/post"}],"author":[{"embeddable":true,"href":"https:\/\/www.europesays.com\/ch-fr\/wp-json\/wp\/v2\/users\/2"}],"replies":[{"embeddable":true,"href":"https:\/\/www.europesays.com\/ch-fr\/wp-json\/wp\/v2\/comments?post=290521"}],"version-history":[{"count":0,"href":"https:\/\/www.europesays.com\/ch-fr\/wp-json\/wp\/v2\/posts\/290521\/revisions"}],"wp:featuredmedia":[{"embeddable":true,"href":"https:\/\/www.europesays.com\/ch-fr\/wp-json\/wp\/v2\/media\/290522"}],"wp:attachment":[{"href":"https:\/\/www.europesays.com\/ch-fr\/wp-json\/wp\/v2\/media?parent=290521"}],"wp:term":[{"taxonomy":"category","embeddable":true,"href":"https:\/\/www.europesays.com\/ch-fr\/wp-json\/wp\/v2\/categories?post=290521"},{"taxonomy":"post_tag","embeddable":true,"href":"https:\/\/www.europesays.com\/ch-fr\/wp-json\/wp\/v2\/tags?post=290521"}],"curies":[{"name":"wp","href":"https:\/\/api.w.org\/{rel}","templated":true}]}}