{"id":290527,"date":"2026-09-03T23:23:17","date_gmt":"2026-09-03T23:23:17","guid":{"rendered":"https:\/\/www.europesays.com\/ch-fr\/290527\/"},"modified":"2026-09-03T23:23:17","modified_gmt":"2026-09-03T23:23:17","slug":"ricardo-rodriguez-fait-son-retour-au-torino","status":"publish","type":"post","link":"https:\/\/www.europesays.com\/ch-fr\/290527\/","title":{"rendered":"Ricardo Rodriguez fait son retour au Torino"},"content":{"rendered":"<p class=\"wysiwyg-h2\">Ricardo Rodriguez est de retour au Torino.<\/p>\n<p>Le d\u00e9fenseur international suisse de 34 ans a sign\u00e9 un contrat valable jusqu&rsquo;\u00e0 l&rsquo;\u00e9t\u00e9 2027, avec une option pour une saison suppl\u00e9mentaire, comme l&rsquo;a annonc\u00e9 le club de Serie A.<\/p>\n<p>Rodriguez a disput\u00e9 129 matches pour le club turinois entre 2020 et 2024. Le lat\u00e9ral gauche de formation, qui compte 144 s\u00e9lections en \u00e9quipe de Suisse, avait ensuite rejoint le Betis S\u00e9ville. Son contrat avec le club andalou arrivait \u00e0 \u00e9ch\u00e9ance cet \u00e9t\u00e9.<\/p>\n<p>Au Torino, Rodriguez retrouvera son compatriote Eray C\u00f6mert, qui a lui aussi quitt\u00e9 l&rsquo;Espagne pour rejoindre la Serie A il y a quelques semaines. Le Torino a perdu ses deux premiers matches de championnat, face \u00e0 Sassuolo et \u00e0 l&rsquo;AC Milan.<\/p>\n<p>Un retour en Suisse avait \u00e9galement \u00e9t\u00e9 envisag\u00e9 pour Ricardo Rodriguez. Apr\u00e8s son transfert de Zurich vers la Bundesliga \u00e0 l&rsquo;hiver 2012, il a jou\u00e9 pour Wolfsburg, le Milan AC et le PSV Eindhoven, avant de rejoindre le Torino pour la premi\u00e8re fois.<\/p>\n<p> \/ATS<\/p>\n","protected":false},"excerpt":{"rendered":"Ricardo Rodriguez est de retour au Torino. Le d\u00e9fenseur international suisse de 34 ans a sign\u00e9 un contrat&hellip;\n","protected":false},"author":2,"featured_media":290528,"comment_status":"","ping_status":"","sticky":false,"template":"","format":"standard","meta":{"footnotes":"","_share_on_mastodon":"0"},"categories":[8],"tags":[121,124,128,119,122,123,118,136,132,131,133,130,135,120,126,117,125,114,115,116,75,23,129,127,134],"class_list":["post-290527","post","type-post","status-publish","format-standard","has-post-thumbnail","category-sports","tag-ajoie","tag-animation","tag-bienne","tag-delemont","tag-franches-montagnes","tag-frequence","tag-jura","tag-jura-bernois","tag-la-chaux-de-fonds","tag-moutier","tag-neuchatel","tag-neuveville","tag-payerne","tag-porrentruy","tag-publicite","tag-radio","tag-redaction","tag-rfj","tag-rjb","tag-rtn","tag-sports","tag-suisse","tag-tavannes","tag-vallon-de-st-imier","tag-yverdon"],"share_on_mastodon":{"url":"https:\/\/pubeurope.com\/@ch_fr\/117209687957435410","error":""},"_links":{"self":[{"href":"https:\/\/www.europesays.com\/ch-fr\/wp-json\/wp\/v2\/posts\/290527","targetHints":{"allow":["GET"]}}],"collection":[{"href":"https:\/\/www.europesays.com\/ch-fr\/wp-json\/wp\/v2\/posts"}],"about":[{"href":"https:\/\/www.europesays.com\/ch-fr\/wp-json\/wp\/v2\/types\/post"}],"author":[{"embeddable":true,"href":"https:\/\/www.europesays.com\/ch-fr\/wp-json\/wp\/v2\/users\/2"}],"replies":[{"embeddable":true,"href":"https:\/\/www.europesays.com\/ch-fr\/wp-json\/wp\/v2\/comments?post=290527"}],"version-history":[{"count":0,"href":"https:\/\/www.europesays.com\/ch-fr\/wp-json\/wp\/v2\/posts\/290527\/revisions"}],"wp:featuredmedia":[{"embeddable":true,"href":"https:\/\/www.europesays.com\/ch-fr\/wp-json\/wp\/v2\/media\/290528"}],"wp:attachment":[{"href":"https:\/\/www.europesays.com\/ch-fr\/wp-json\/wp\/v2\/media?parent=290527"}],"wp:term":[{"taxonomy":"category","embeddable":true,"href":"https:\/\/www.europesays.com\/ch-fr\/wp-json\/wp\/v2\/categories?post=290527"},{"taxonomy":"post_tag","embeddable":true,"href":"https:\/\/www.europesays.com\/ch-fr\/wp-json\/wp\/v2\/tags?post=290527"}],"curies":[{"name":"wp","href":"https:\/\/api.w.org\/{rel}","templated":true}]}}