{"id":290535,"date":"2026-09-03T23:27:15","date_gmt":"2026-09-03T23:27:15","guid":{"rendered":"https:\/\/www.europesays.com\/ch-fr\/290535\/"},"modified":"2026-09-03T23:27:15","modified_gmt":"2026-09-03T23:27:15","slug":"tardoc-les-medecins-de-famille-critiquent-le-nouveau-tarif","status":"publish","type":"post","link":"https:\/\/www.europesays.com\/ch-fr\/290535\/","title":{"rendered":"Tardoc : les m\u00e9decins de famille critiquent le nouveau tarif"},"content":{"rendered":"<p>L&rsquo;association suisse M\u00e9decins de famille et de l\u2019enfance (MFE) critique vivement le nouveau tarif m\u00e9dical Tardoc. L&rsquo;introduction de cet instrument n&rsquo;a pas permis de concr\u00e9tiser la revalorisation de la m\u00e9decine de famille vis\u00e9e par les responsables politiques, alors que les co\u00fbts globaux dans le secteur ambulatoire ont nettement augment\u00e9.<\/p>\n<p>La m\u00e9decine de famille ne b\u00e9n\u00e9ficie d&rsquo;aucune revalorisation avec Tardoc. Cette sp\u00e9cialisation subit m\u00eame une d\u00e9valorisation dans certains cantons, critique jeudi l&rsquo;association des m\u00e9decins de famille dans une prise de position. On observe en revanche une nette augmentation des co\u00fbts dans l&rsquo;ensemble du secteur ambulatoire.<\/p>\n<p>Le d\u00e9s\u00e9quilibre tarifaire actuel, au d\u00e9triment des soins de base, risque de s\u2019aggraver. \u00ab\u00a0Dans l&rsquo;ensemble, le syst\u00e8me Tardoc laisse entrevoir une hausse consid\u00e9rable des co\u00fbts, tandis que la revalorisation des m\u00e9decins de famille, r\u00e9clam\u00e9e de toutes parts, n&rsquo;a pas eu lieu\u00a0\u00bb, d\u00e9clare la copr\u00e9sidente Monika Reber.<\/p>\n<p> &gt;&gt; Les pr\u00e9cisions du 12h30\u00a0:    Le nouveau syst\u00e8me de tarification Tardoc ne satisfait pas les m\u00e9decins de famille \/ Le 12h30 \/ 2 min. \/ hier \u00e0 12:33 Contre une d\u00e9valorisation lin\u00e9aire<\/p>\n<p>MFE r\u00e9clame des corrections, qui doivent cibler les domaines o\u00f9 les tarifs ne sont pas ad\u00e9quats. L&rsquo;\u00e9volution actuelle envoie un signal d\u00e9sastreux \u00e0 la rel\u00e8ve m\u00e9dicale et aggrave la p\u00e9nurie de m\u00e9decins g\u00e9n\u00e9ralistes, selon l&rsquo;organisation. \u00ab\u00a0Un syst\u00e8me tarifaire qui d\u00e9savantage aussi clairement les soins de base aggrave la p\u00e9nurie de m\u00e9decins de famille au lieu de la combattre\u00a0\u00bb, critique le copr\u00e9sident de MFE S\u00e9bastien Jotterand.<\/p>\n<p>Les jeunes m\u00e9decins pourraient se d\u00e9tourner des soins de base si, \u00e0 formation comparable et \u00e0 responsabilit\u00e9s \u00e9lev\u00e9es, cette activit\u00e9 reste nettement moins attractive sur le plan \u00e9conomique que d&rsquo;autres sp\u00e9cialit\u00e9s, \u00e9crit l\u2019association.<\/p>\n<p>&gt;&gt; Lire aussi\u00a0: <a href=\"https:\/\/www.rts.ch\/info\/sante\/2026\/article\/le-nouveau-systeme-de-tarification-tardoc-multiplie-les-rendez-vous-medicaux-des-patients-29276989.html\" data-item-id=\"richtext_link\" rel=\"nofollow noopener\" target=\"_blank\">Le nouveau syst\u00e8me de tarification Tardoc multiplie les rendez-vous m\u00e9dicaux des patients<\/a><\/p>\n<p class=\"sources\">ats\/ami<\/p>\n","protected":false},"excerpt":{"rendered":"L&rsquo;association suisse M\u00e9decins de famille et de l\u2019enfance (MFE) critique vivement le nouveau tarif m\u00e9dical Tardoc. L&rsquo;introduction de&hellip;\n","protected":false},"author":2,"featured_media":290536,"comment_status":"","ping_status":"","sticky":false,"template":"","format":"standard","meta":{"footnotes":"","_share_on_mastodon":"0"},"categories":[3],"tags":[6202,4403,344,305,18866,1686,92,744,84,23,325],"class_list":["post-290535","post","type-post","status-publish","format-standard","has-post-thumbnail","category-suisse","tag-assurance-maladie","tag-cout","tag-economie-et-finances","tag-famille","tag-medecin-generaliste","tag-medecine","tag-politique","tag-politique-du-gouvernement","tag-sante","tag-suisse","tag-vaud"],"share_on_mastodon":{"url":"https:\/\/pubeurope.com\/@ch_fr\/117209703680059869","error":""},"_links":{"self":[{"href":"https:\/\/www.europesays.com\/ch-fr\/wp-json\/wp\/v2\/posts\/290535","targetHints":{"allow":["GET"]}}],"collection":[{"href":"https:\/\/www.europesays.com\/ch-fr\/wp-json\/wp\/v2\/posts"}],"about":[{"href":"https:\/\/www.europesays.com\/ch-fr\/wp-json\/wp\/v2\/types\/post"}],"author":[{"embeddable":true,"href":"https:\/\/www.europesays.com\/ch-fr\/wp-json\/wp\/v2\/users\/2"}],"replies":[{"embeddable":true,"href":"https:\/\/www.europesays.com\/ch-fr\/wp-json\/wp\/v2\/comments?post=290535"}],"version-history":[{"count":0,"href":"https:\/\/www.europesays.com\/ch-fr\/wp-json\/wp\/v2\/posts\/290535\/revisions"}],"wp:featuredmedia":[{"embeddable":true,"href":"https:\/\/www.europesays.com\/ch-fr\/wp-json\/wp\/v2\/media\/290536"}],"wp:attachment":[{"href":"https:\/\/www.europesays.com\/ch-fr\/wp-json\/wp\/v2\/media?parent=290535"}],"wp:term":[{"taxonomy":"category","embeddable":true,"href":"https:\/\/www.europesays.com\/ch-fr\/wp-json\/wp\/v2\/categories?post=290535"},{"taxonomy":"post_tag","embeddable":true,"href":"https:\/\/www.europesays.com\/ch-fr\/wp-json\/wp\/v2\/tags?post=290535"}],"curies":[{"name":"wp","href":"https:\/\/api.w.org\/{rel}","templated":true}]}}