{"id":290545,"date":"2026-09-03T23:38:19","date_gmt":"2026-09-03T23:38:19","guid":{"rendered":"https:\/\/www.europesays.com\/ch-fr\/290545\/"},"modified":"2026-09-03T23:38:19","modified_gmt":"2026-09-03T23:38:19","slug":"marc-olivier-fogiel-recadre-par-la-nouvelle-matinaliere-de-rtl-celine-landreau-sur-le-plateau-de-c-a-vous-sur-france-5-est-ce-vraiment-elegant-de-dire-des-choses-comme-ca-video","status":"publish","type":"post","link":"https:\/\/www.europesays.com\/ch-fr\/290545\/","title":{"rendered":"Marc-Olivier Fogiel recadr\u00e9 par la nouvelle matinali\u00e8re de RTL C\u00e9line Landreau sur le plateau de \u00ab\u00a0C \u00e0 vous\u00a0\u00bb sur France 5: \u00ab\u00a0Est-ce vraiment \u00e9l\u00e9gant de dire des choses comme \u00e7a ?\u00a0\u00bb &#8211; VIDEO"},"content":{"rendered":"<p>Hier soir, Marc-Olivier Fogiel et C\u00e9line Landreau \u00e9taient les invit\u00e9s de \u00ab\u00a0C \u00e0 vous\u00a0\u00bb sur France 5 pour \u00e9voquer la matinale de RTL. Alors que le duo de journalistes prenait place autour de la table, l&rsquo;interviewer de RTL s&rsquo;est adress\u00e9e \u00e0 Anne-Elisabeth Lemoine.<\/p>\n<p>\u00ab\u00a0Vous avez maigri, non ?\u00a0\u00bb, lui a-t-il demand\u00e9. \u00ab\u00a0Non.\u00a0On peut parler des sujets de fond ?\u00a0\u00bb, a r\u00e9pondu la journaliste. \u00ab\u00a0C&rsquo;est ce que je fais\u00a0\u00bb, a poursuivi Marc-Olivier Fogiel. \u00ab\u00a0C&rsquo;est quand m\u00eame pas possible \u00e7a !\u00a0\u00bb, a indiqu\u00e9 la pr\u00e9sentatrice de \u00ab\u00a0C \u00e0 vous\u00a0\u00bb.<\/p>\n<p>\u00ab\u00a0C&rsquo;est vrai, vous avez maigri, c&rsquo;est frappant !\u00a0\u00bb, a insist\u00e9 le journaliste avant que Anne-Elisabeth Lemoine pr\u00e9cise \u00ab\u00a0On ne va pas en faire un quart d&rsquo;heure\u00a0\u00bb.<\/p>\n<p>Face \u00e0 son insistance, la nouvelle matinali\u00e8re de RTL a recadr\u00e9 son coll\u00e8gue. \u00ab\u00a0Est-ce que c&rsquo;est vraiment \u00e9l\u00e9gant de le souligner comme \u00e7a en arrivant ? Je ne sais pas\u00a0\u00bb. \u00ab\u00a0C&rsquo;est si j&rsquo;avais dit qu&rsquo;elle avait grossi que ce ne serait pas \u00e9l\u00e9gant\u00a0\u00bb, a conclu Marc-Olivier Fogiel.<\/p>\n<p>\u00a0<\/p>\n","protected":false},"excerpt":{"rendered":"Hier soir, Marc-Olivier Fogiel et C\u00e9line Landreau \u00e9taient les invit\u00e9s de \u00ab\u00a0C \u00e0 vous\u00a0\u00bb sur France 5 pour&hellip;\n","protected":false},"author":2,"featured_media":290546,"comment_status":"","ping_status":"","sticky":false,"template":"","format":"standard","meta":{"footnotes":"","_share_on_mastodon":"0"},"categories":[13],"tags":[2971,63277,113,112,7731,2799,23,142],"class_list":["post-290545","post","type-post","status-publish","format-standard","has-post-thumbnail","category-television","tag-c-u00e0-vous","tag-cu00e9line-landreau","tag-divertissement","tag-entertainment","tag-marc-olivier-fogiel","tag-rtl","tag-suisse","tag-television"],"share_on_mastodon":{"url":"https:\/\/pubeurope.com\/@ch_fr\/117209746874752195","error":""},"_links":{"self":[{"href":"https:\/\/www.europesays.com\/ch-fr\/wp-json\/wp\/v2\/posts\/290545","targetHints":{"allow":["GET"]}}],"collection":[{"href":"https:\/\/www.europesays.com\/ch-fr\/wp-json\/wp\/v2\/posts"}],"about":[{"href":"https:\/\/www.europesays.com\/ch-fr\/wp-json\/wp\/v2\/types\/post"}],"author":[{"embeddable":true,"href":"https:\/\/www.europesays.com\/ch-fr\/wp-json\/wp\/v2\/users\/2"}],"replies":[{"embeddable":true,"href":"https:\/\/www.europesays.com\/ch-fr\/wp-json\/wp\/v2\/comments?post=290545"}],"version-history":[{"count":0,"href":"https:\/\/www.europesays.com\/ch-fr\/wp-json\/wp\/v2\/posts\/290545\/revisions"}],"wp:featuredmedia":[{"embeddable":true,"href":"https:\/\/www.europesays.com\/ch-fr\/wp-json\/wp\/v2\/media\/290546"}],"wp:attachment":[{"href":"https:\/\/www.europesays.com\/ch-fr\/wp-json\/wp\/v2\/media?parent=290545"}],"wp:term":[{"taxonomy":"category","embeddable":true,"href":"https:\/\/www.europesays.com\/ch-fr\/wp-json\/wp\/v2\/categories?post=290545"},{"taxonomy":"post_tag","embeddable":true,"href":"https:\/\/www.europesays.com\/ch-fr\/wp-json\/wp\/v2\/tags?post=290545"}],"curies":[{"name":"wp","href":"https:\/\/api.w.org\/{rel}","templated":true}]}}