{"id":290567,"date":"2026-09-03T23:54:15","date_gmt":"2026-09-03T23:54:15","guid":{"rendered":"https:\/\/www.europesays.com\/ch-fr\/290567\/"},"modified":"2026-09-03T23:54:15","modified_gmt":"2026-09-03T23:54:15","slug":"adriana-karembeu-obtient-une-victoire-tres-importante","status":"publish","type":"post","link":"https:\/\/www.europesays.com\/ch-fr\/290567\/","title":{"rendered":"Adriana Karembeu obtient une victoire tr\u00e8s importante"},"content":{"rendered":"<p class=\"ap-StoryElement ap-StoryElement--mb ap-StoryText\">L&rsquo;heure est au soulagement pour Adriana Karembeu. Dans un communiqu\u00e9, celle-ci a annonc\u00e9 avoir obtenu la garde partag\u00e9e de Nina, 8 ans, la fille qu&rsquo;elle a eue avec son ex-mari Aram Ohanian. La d\u00e9cision du tribunal de premi\u00e8re instance de Monaco intervient apr\u00e8s le classement sans suite en juillet du signalement du p\u00e8re contre son ex-compagne pour \u00ab\u00a0soustraction aux obligations parentales\u00a0\u00bb. \u00ab\u00a0Nina est ma priorit\u00e9 absolue et chacune des d\u00e9cisions que j&rsquo;ai prises l&rsquo;a \u00e9t\u00e9 en pensant \u00e0 son bien-\u00eatre et \u00e0 son \u00e9panouissement\u00a0\u00bb, a d\u00e9clar\u00e9 Adriana Karembeu.<\/p>\n","protected":false},"excerpt":{"rendered":"L&rsquo;heure est au soulagement pour Adriana Karembeu. Dans un communiqu\u00e9, celle-ci a annonc\u00e9 avoir obtenu la garde partag\u00e9e&hellip;\n","protected":false},"author":2,"featured_media":290568,"comment_status":"","ping_status":"","sticky":false,"template":"","format":"standard","meta":{"footnotes":"","_share_on_mastodon":"0"},"categories":[15],"tags":[16821,449,14218,158,157,63281,63282,63283,113,112,4896,182,14178,14179,14180,16835,63284,33060,14181,19224,14182,19225,19226,19227,159,19228,19229,19230,879,186,17513,23,16839,3623,63285,11391],"class_list":["post-290567","post","type-post","status-publish","format-standard","has-post-thumbnail","category-people","tag-tomassisk","tag-449","tag-anderlecht","tag-celebrities","tag-celebrity","tag-courtrai","tag-de-kerels","tag-de-veekaa","tag-divertissement","tag-entertainment","tag-foot","tag-football","tag-jpl","tag-jupiler","tag-jupiler-pro-league","tag-koninklijke","tag-kv-kortrijk","tag-kvk","tag-league","tag-les-mauves","tag-match","tag-mauves","tag-paars","tag-paarswit","tag-people","tag-r-s-c-a","tag-rsc","tag-rsca","tag-soccer","tag-sport","tag-sporting","tag-suisse","tag-tomas-sisk","tag-voetbal","tag-voetbalclub","tag-wedstrijd"],"share_on_mastodon":{"url":"https:\/\/pubeurope.com\/@ch_fr\/117209809831007005","error":""},"_links":{"self":[{"href":"https:\/\/www.europesays.com\/ch-fr\/wp-json\/wp\/v2\/posts\/290567","targetHints":{"allow":["GET"]}}],"collection":[{"href":"https:\/\/www.europesays.com\/ch-fr\/wp-json\/wp\/v2\/posts"}],"about":[{"href":"https:\/\/www.europesays.com\/ch-fr\/wp-json\/wp\/v2\/types\/post"}],"author":[{"embeddable":true,"href":"https:\/\/www.europesays.com\/ch-fr\/wp-json\/wp\/v2\/users\/2"}],"replies":[{"embeddable":true,"href":"https:\/\/www.europesays.com\/ch-fr\/wp-json\/wp\/v2\/comments?post=290567"}],"version-history":[{"count":0,"href":"https:\/\/www.europesays.com\/ch-fr\/wp-json\/wp\/v2\/posts\/290567\/revisions"}],"wp:featuredmedia":[{"embeddable":true,"href":"https:\/\/www.europesays.com\/ch-fr\/wp-json\/wp\/v2\/media\/290568"}],"wp:attachment":[{"href":"https:\/\/www.europesays.com\/ch-fr\/wp-json\/wp\/v2\/media?parent=290567"}],"wp:term":[{"taxonomy":"category","embeddable":true,"href":"https:\/\/www.europesays.com\/ch-fr\/wp-json\/wp\/v2\/categories?post=290567"},{"taxonomy":"post_tag","embeddable":true,"href":"https:\/\/www.europesays.com\/ch-fr\/wp-json\/wp\/v2\/tags?post=290567"}],"curies":[{"name":"wp","href":"https:\/\/api.w.org\/{rel}","templated":true}]}}