{"id":290573,"date":"2026-09-03T23:57:28","date_gmt":"2026-09-03T23:57:28","guid":{"rendered":"https:\/\/www.europesays.com\/ch-fr\/290573\/"},"modified":"2026-09-03T23:57:28","modified_gmt":"2026-09-03T23:57:28","slug":"la-chanteuse-cher-accuse-sa-belle-fille-de-courir-apres-largent-et-la-gloire-2","status":"publish","type":"post","link":"https:\/\/www.europesays.com\/ch-fr\/290573\/","title":{"rendered":"La chanteuse Cher accuse sa belle-fille de courir apr\u00e8s l&rsquo;argent et la gloire"},"content":{"rendered":"<p class=\"1_12_tx_courant\">Cher a vivement critiqu\u00e9 sa belle-fille, la d\u00e9crivant comme une personne avide de c\u00e9l\u00e9brit\u00e9 et d\u2019argent.<\/p>\n<p class=\"1_12_tx_courant\">La chanteuse a d\u00e9pos\u00e9 des documents judiciaires s\u2019opposant \u00e0 ce que Marieangela King-Allman devienne la tutrice d\u2019Elijah Blue Allman.<\/p>\n<p class=\"1_12_tx_courant\">Le fils de Cher, \u00e2g\u00e9 de 50 ans, est actuellement plac\u00e9 dans un \u00e9tablissement psychiatrique et p\u00e9nitentiaire du New Hampshire, car il fait l\u2019objet de plusieurs chefs d\u2019accusation li\u00e9s \u00e0 deux incidents distincts\u00a0: l\u2019un au cours duquel il s\u2019est introduit par effraction dans une maison, et l\u2019autre au cours duquel il a provoqu\u00e9 un \u00ab\u00a0trouble\u00a0\u00bb dans la cantine d\u2019un lyc\u00e9e priv\u00e9 local.<\/p>\n<p class=\"1_12_tx_courant\">Bien qu\u2019Elijah Blue Allman et Marieangela King-Allman soient l\u00e9galement toujours mari\u00e9s, les avocats de Cher ont fait valoir qu\u2019ils \u00e9taient s\u00e9par\u00e9s depuis longtemps et que sa bru ne cherchait qu\u2019\u00e0 obtenir gloire et fortune.<\/p>\n<p class=\"1_12_tx_courant\">\u00ab\u00a0L\u2019h\u00f4pital d\u2019\u00c9tat du New Hampshire, ainsi que le reste de la famille, restent fermement oppos\u00e9s \u00e0 ce que Mme\u00a0King-Allman soit cit\u00e9e \u00e0 compara\u00eetre, compte tenu de sa s\u00e9paration d\u2019avec Elijah\u00a0\u00bb, indiquent les documents judiciaires d\u00e9pos\u00e9s par l\u2019avocat de Cher, Justin Gold.<\/p>\n<p class=\"1_12_tx_courant\">Cher justifie cette prise de position par le \u00ab\u00a0refus et l\u2019incapacit\u00e9\u00a0\u00bb de sa bru \u00ab\u00a0\u00e0 venir en aide \u00e0 Elijah et Kayti Pease alors qu\u2019il traversait une p\u00e9riode difficile avant son arrestation dans le New Hampshire, et\/ou parce que la famille estime qu\u2019elle revient sur le devant de la sc\u00e8ne dans le but de gagner de l\u2019argent et\/ou d\u2019acc\u00e9der \u00e0 une certaine notori\u00e9t\u00e9\u00a0\u00bb.<\/p>\n<p class=\"1_12_tx_courant\">Kayti Pease, \u00e9galement connue sous le nom de Kayti Edwards, est la m\u00e8re de la fille d\u2019Elijah Blue Allman, Ever, \u00e2g\u00e9e de 15 ans &#8211; qui n\u2019a appris l\u2019identit\u00e9 de son p\u00e8re qu\u2019en mars 2026, apr\u00e8s la crise de sant\u00e9 mentale de ce dernier.<\/p>\n<p class=\"1_12_tx_courant\">\u00ab\u00a0Il voulait la voir et nouer une relation avec elle, mais il n\u2019\u00e9tait pas en \u00e9tat de le faire\u00a0\u00bb, a d\u00e9clar\u00e9 Kayti Edwards au Sun en avril. \u00ab\u00a0\u00c0 ce moment-l\u00e0, elle pensait qu\u2019il n\u2019\u00e9tait qu\u2019un ami de la famille.\u00a0\u00bb<\/p>\n<p class=\"1_12_tx_courant\">\u00ab\u00a0J\u2019ai d\u00fb la prot\u00e9ger de lui et, quand il ira mieux, il m\u2019en sera reconnaissant\u00a0\u00bb, a-t-elle ajout\u00e9. \u00ab\u00a0Cher est \u00e9galement tr\u00e8s protectrice envers Ever et la dynamique familiale ; elle conna\u00eet l\u2019\u00e9tat d\u2019Elijah et souhaite \u00e9galement la prot\u00e9ger de cela. Il doit redevenir l\u2019homme que j\u2019ai connu autrefois, et Cher est d\u2019accord. Nous devons l\u2019aider \u00e0 aller mieux.\u00a0\u00bb<\/p>\n<p class=\"1_12_tx_courant\">Dans le r\u00e9cent dossier d\u00e9pos\u00e9 au tribunal, les avocats de Cher ont affirm\u00e9 que Marieangela King-Allman n\u2019avait rien fait pour aider son fils \u00e0 la suite de ses arrestations et de son hospitalisation. \u00ab\u00a0L\u2019\u00e9tat de M.\u00a0Allman ne lui \u00e9tait pas inconnu, puisque Kayti Pease avait demand\u00e9 \u00e0 plusieurs reprises et souvent \u00e0 Mme\u00a0King-Allman de l\u2019aider \u00e0 prendre soin de M.\u00a0Allman\u00a0\u00bb, indiquait le document.<\/p>\n<p class=\"1_12_tx_courant\">\u00ab\u00a0Mme\u00a0King-Allman n\u2019a jamais lev\u00e9 le petit doigt pour aider, alors m\u00eame que M.\u00a0Allman \u00e9tait cens\u00e9 \u00eatre son conjoint\u00a0\u00bb, peut-on aussi lire. \u00ab\u00a0\u00c0 pr\u00e9sent qu\u2019une proc\u00e9dure de mise sous tutelle est en cours, Mme\u00a0King-Allman y voit clairement une opportunit\u00e9 financi\u00e8re de contr\u00f4ler ses revenus, et elle a tent\u00e9 de saisir l\u2019occasion cr\u00e9\u00e9e par son incarc\u00e9ration pour essayer de se r\u00e9ins\u00e9rer dans sa vie.\u00a0\u00bb<\/p>\n","protected":false},"excerpt":{"rendered":"Cher a vivement critiqu\u00e9 sa belle-fille, la d\u00e9crivant comme une personne avide de c\u00e9l\u00e9brit\u00e9 et d\u2019argent. La chanteuse&hellip;\n","protected":false},"author":2,"featured_media":290574,"comment_status":"","ping_status":"","sticky":false,"template":"","format":"standard","meta":{"footnotes":"","_share_on_mastodon":"0"},"categories":[12],"tags":[113,112,140,141,23],"class_list":["post-290573","post","type-post","status-publish","format-standard","has-post-thumbnail","category-musique","tag-divertissement","tag-entertainment","tag-music","tag-musique","tag-suisse"],"share_on_mastodon":{"url":"https:\/\/pubeurope.com\/@ch_fr\/117209821716784639","error":""},"_links":{"self":[{"href":"https:\/\/www.europesays.com\/ch-fr\/wp-json\/wp\/v2\/posts\/290573","targetHints":{"allow":["GET"]}}],"collection":[{"href":"https:\/\/www.europesays.com\/ch-fr\/wp-json\/wp\/v2\/posts"}],"about":[{"href":"https:\/\/www.europesays.com\/ch-fr\/wp-json\/wp\/v2\/types\/post"}],"author":[{"embeddable":true,"href":"https:\/\/www.europesays.com\/ch-fr\/wp-json\/wp\/v2\/users\/2"}],"replies":[{"embeddable":true,"href":"https:\/\/www.europesays.com\/ch-fr\/wp-json\/wp\/v2\/comments?post=290573"}],"version-history":[{"count":0,"href":"https:\/\/www.europesays.com\/ch-fr\/wp-json\/wp\/v2\/posts\/290573\/revisions"}],"wp:featuredmedia":[{"embeddable":true,"href":"https:\/\/www.europesays.com\/ch-fr\/wp-json\/wp\/v2\/media\/290574"}],"wp:attachment":[{"href":"https:\/\/www.europesays.com\/ch-fr\/wp-json\/wp\/v2\/media?parent=290573"}],"wp:term":[{"taxonomy":"category","embeddable":true,"href":"https:\/\/www.europesays.com\/ch-fr\/wp-json\/wp\/v2\/categories?post=290573"},{"taxonomy":"post_tag","embeddable":true,"href":"https:\/\/www.europesays.com\/ch-fr\/wp-json\/wp\/v2\/tags?post=290573"}],"curies":[{"name":"wp","href":"https:\/\/api.w.org\/{rel}","templated":true}]}}