{"id":290649,"date":"2026-09-04T00:52:32","date_gmt":"2026-09-04T00:52:32","guid":{"rendered":"https:\/\/www.europesays.com\/ch-fr\/290649\/"},"modified":"2026-09-04T00:52:32","modified_gmt":"2026-09-04T00:52:32","slug":"le-mardi-jour-de-rabais-au-centre-ville-de-sherbrooke","status":"publish","type":"post","link":"https:\/\/www.europesays.com\/ch-fr\/290649\/","title":{"rendered":"Le mardi, jour de rabais au centre-ville de Sherbrooke"},"content":{"rendered":"<p class=\"sc-e5s2wj-7\">Apr\u00e8s le stationnement gratuit au centre-ville de Sherbrooke en soir\u00e9e, une nouvelle initiative vise \u00e0 s\u00e9duire les consommateurs et \u00e0 stimuler l\u2019achalandage\u00a0: les Mardis du Centro.<\/p>\n<p class=\"sc-e5s2wj-7\">Depuis le 1er\u00a0septembre, les clients qui fr\u00e9quentent le centre-ville le mardi peuvent profiter de rabais dans 25\u00a0entreprises participantes. Une r\u00e9duction de 10\u00a0% est offerte dans les commerces de d\u00e9tail, tandis que les restaurants et le cin\u00e9ma proposent 20\u00a0% de rabais.<\/p>\n<p><img decoding=\"async\" alt=\"Le propri\u00e9taire de La Buvette, Charles Picard-Duquette. \" class=\"_imgHasBrightnessFilterInDarkMode_uexo0_7 absolute left-0 top-0 size-full object-cover transition-opacity ease-out print:relative\" loading=\"lazy\" src=\"https:\/\/www.europesays.com\/ch-fr\/wp-content\/uploads\/2026\/09\/le-centro-charles-picard-duquette-la-buvette.jpeg\"\/>Ouvrir en mode plein \u00e9cran<\/p>\n<p class=\"mb-0 text-3 leading-6\">Le propri\u00e9taire de La Buvette, Charles Picard-Duquette <\/p>\n<p class=\"image-credit text-gray600 light:text-gray600 dark:text-gray400 mb-0 text-small uppercase leading-6\">Photo : Radio-Canada \/ Guylaine Charette<\/p>\n<p class=\"sc-e5s2wj-7\">La Soci\u00e9t\u00e9 de d\u00e9veloppement commercial du centre-ville esp\u00e8re ainsi attirer de nouveaux visiteurs et mousser les ventes durant cette journ\u00e9e de la semaine.<\/p>\n<p class=\"sc-e5s2wj-7\">Si on fait la promotion, ce n&rsquo;est pas parce que \u00e7a va n\u00e9cessairement mal; c&rsquo;est qu\u2019on pense que c&rsquo;est une belle occasion avec la rentr\u00e9e d&rsquo;amener plus de gens au centre-ville, explique le pr\u00e9sident de la Soci\u00e9t\u00e9 de d\u00e9veloppement commercial du centre-ville et propri\u00e9taire de La Buvette, Charles Picard-Duquette.<\/p>\n<p class=\"sc-e5s2wj-7\">Selon lui, les d\u00e9fis auxquels font face les centres-villes sont nombreux. Il voit toutefois des signes encourageants \u00e0 Sherbrooke. Ce que je trouve rassurant quand je regarde le portrait en ce moment, c&rsquo;est que quand un commerce ferme, il y en a un qui ouvre.<\/p>\n<p><img decoding=\"async\" alt=\"Une salle de restaurant. \" class=\"_imgHasBrightnessFilterInDarkMode_uexo0_7 absolute left-0 top-0 size-full object-cover transition-opacity ease-out print:relative\" loading=\"lazy\" src=\"https:\/\/www.europesays.com\/ch-fr\/wp-content\/uploads\/2026\/09\/mardi-centro--la-buvette-sherbrooke.jpeg\"\/>Ouvrir en mode plein \u00e9cran<\/p>\n<p class=\"mb-0 text-3 leading-6\">Depuis le 1er septembre, La Buvette du Centro et une vingtaine de commerces du centre-ville de Sherbrooke proposent des rabais tous les mardis.<\/p>\n<p class=\"image-credit text-gray600 light:text-gray600 dark:text-gray400 mb-0 text-small uppercase leading-6\">Photo : Radio-Canada \/ Guylaine Charette<\/p>\n<p class=\"sc-e5s2wj-7\">Le propri\u00e9taire de la boutique Le Griffon, Christian Lemaire, est \u00e9tabli au centre-ville depuis plus de 30\u00a0ans. Il a connu diff\u00e9rentes p\u00e9riodes, dont les ann\u00e9es\u00a01990, qu\u2019il d\u00e9crit comme particuli\u00e8rement difficiles. Il constate aujourd\u2019hui une reprise de l\u2019activit\u00e9 commerciale.<\/p>\n<p><img decoding=\"async\" alt=\"Le propri\u00e9taire Le Griffon, Christian Lemaire.\" class=\"_imgHasBrightnessFilterInDarkMode_uexo0_7 absolute left-0 top-0 size-full object-cover transition-opacity ease-out print:relative\" loading=\"lazy\" src=\"https:\/\/www.europesays.com\/ch-fr\/wp-content\/uploads\/2026\/09\/mardi-centro-christian-lemaire-sherbrooke.jpeg\"\/>Ouvrir en mode plein \u00e9cran<\/p>\n<p class=\"mb-0 text-3 leading-6\">Le propri\u00e9taire Le Griffon, Christian Lemaire, constate une reprise de l&rsquo;activit\u00e9 commerciale. <\/p>\n<p class=\"image-credit text-gray600 light:text-gray600 dark:text-gray400 mb-0 text-small uppercase leading-6\">Photo : Radio-Canada \/ Guylaine Charette<\/p>\n<p class=\"sc-e5s2wj-7\">C&rsquo;est un entre-deux en ce moment, je pense que c&rsquo;est en train de remonter. Nous, on a eu un tr\u00e8s bon \u00e9t\u00e9, beaucoup de touristes. Les ann\u00e9es\u00a01990 \u00e9taient beaucoup plus difficiles qu&rsquo;en ce moment.<\/p>\n<p><img decoding=\"async\" alt=\"L'entr\u00e9e du restaurant Keba'biz.\" class=\"_imgHasBrightnessFilterInDarkMode_uexo0_7 absolute left-0 top-0 size-full object-cover transition-opacity ease-out print:relative\" loading=\"lazy\" src=\"https:\/\/www.europesays.com\/ch-fr\/wp-content\/uploads\/2026\/09\/mardi-centro-kebabiz-sherbrooke.jpeg\"\/>Ouvrir en mode plein \u00e9cran<\/p>\n<p class=\"mb-0 text-3 leading-6\">Le restaurant Keba&rsquo;biz participe lui aussi \u00e0 l&rsquo;op\u00e9ration promotionnelle.<\/p>\n<p class=\"image-credit text-gray600 light:text-gray600 dark:text-gray400 mb-0 text-small uppercase leading-6\">Photo : Radio-Canada \/ Guylaine Charette<\/p>\n<p class=\"sc-e5s2wj-7\">Parmi les nouveaux venus au centre-ville, le restaurant Keba&rsquo;Biz participe lui aussi \u00e0 la promotion. Son propri\u00e9taire, Mehdi Gritli, reconna\u00eet que s\u2019installer au centre-ville comporte certains risques, mais il demeure optimiste quant \u00e0 son avenir.<\/p>\n<p class=\"sc-e5s2wj-7\">Le centre-ville, g\u00e9n\u00e9ralement, c&rsquo;est un risque, mais moi, je crois, au centre-ville, je crois qu&rsquo;il va remonter.<\/p>\n<p class=\"sc-e5s2wj-7\">Il estime que les rabais peuvent contribuer \u00e0 attirer la client\u00e8le\u00a0: Celui qui ne tente rien n&rsquo;a rien, dit-il, donc on peut attirer les gens avec \u00e7a. Si c&rsquo;est vraiment une r\u00e9cession financi\u00e8re, bien, peut-\u00eatre que les 20\u00a0% vont aider. Parfois il faut perdre pour gagner.<\/p>\n<p>Une initiative bien accueillie <\/p>\n<p class=\"sc-e5s2wj-7\">Un citoyen croit que la promotion pourrait contribuer \u00e0 attirer davantage de consommateurs dans le secteur. \u00c7a peut permettre vraiment aux commer\u00e7ants de faire en sorte que plus de monde s&rsquo;en vienne, puis de redorer la rue.<\/p>\n<p class=\"sc-e5s2wj-7\">Les Mardis du Centro se poursuivront jusqu\u2019au 24\u00a0novembre. <\/p>\n","protected":false},"excerpt":{"rendered":"Apr\u00e8s le stationnement gratuit au centre-ville de Sherbrooke en soir\u00e9e, une nouvelle initiative vise \u00e0 s\u00e9duire les consommateurs&hellip;\n","protected":false},"author":2,"featured_media":290650,"comment_status":"","ping_status":"","sticky":false,"template":"","format":"standard","meta":{"footnotes":"","_share_on_mastodon":"0"},"categories":[12],"tags":[113,112,140,141,23],"class_list":["post-290649","post","type-post","status-publish","format-standard","has-post-thumbnail","category-musique","tag-divertissement","tag-entertainment","tag-music","tag-musique","tag-suisse"],"share_on_mastodon":{"url":"https:\/\/pubeurope.com\/@ch_fr\/117210038579586522","error":""},"_links":{"self":[{"href":"https:\/\/www.europesays.com\/ch-fr\/wp-json\/wp\/v2\/posts\/290649","targetHints":{"allow":["GET"]}}],"collection":[{"href":"https:\/\/www.europesays.com\/ch-fr\/wp-json\/wp\/v2\/posts"}],"about":[{"href":"https:\/\/www.europesays.com\/ch-fr\/wp-json\/wp\/v2\/types\/post"}],"author":[{"embeddable":true,"href":"https:\/\/www.europesays.com\/ch-fr\/wp-json\/wp\/v2\/users\/2"}],"replies":[{"embeddable":true,"href":"https:\/\/www.europesays.com\/ch-fr\/wp-json\/wp\/v2\/comments?post=290649"}],"version-history":[{"count":0,"href":"https:\/\/www.europesays.com\/ch-fr\/wp-json\/wp\/v2\/posts\/290649\/revisions"}],"wp:featuredmedia":[{"embeddable":true,"href":"https:\/\/www.europesays.com\/ch-fr\/wp-json\/wp\/v2\/media\/290650"}],"wp:attachment":[{"href":"https:\/\/www.europesays.com\/ch-fr\/wp-json\/wp\/v2\/media?parent=290649"}],"wp:term":[{"taxonomy":"category","embeddable":true,"href":"https:\/\/www.europesays.com\/ch-fr\/wp-json\/wp\/v2\/categories?post=290649"},{"taxonomy":"post_tag","embeddable":true,"href":"https:\/\/www.europesays.com\/ch-fr\/wp-json\/wp\/v2\/tags?post=290649"}],"curies":[{"name":"wp","href":"https:\/\/api.w.org\/{rel}","templated":true}]}}