{"id":290655,"date":"2026-09-04T00:56:24","date_gmt":"2026-09-04T00:56:24","guid":{"rendered":"https:\/\/www.europesays.com\/ch-fr\/290655\/"},"modified":"2026-09-04T00:56:24","modified_gmt":"2026-09-04T00:56:24","slug":"omrzel-remporte-la-12e-etape-mas-consolide-son-maillot-rouge","status":"publish","type":"post","link":"https:\/\/www.europesays.com\/ch-fr\/290655\/","title":{"rendered":"Omrzel remporte la 12e \u00e9tape, Mas consolide son maillot rouge"},"content":{"rendered":"<p class=\"wysiwyg-h2\">Epatant du haut de ses 20 ans, le Slov\u00e8ne Jakob Omrzel a remport\u00e9 jeudi en solitaire la 12e \u00e9tape du Tour d&rsquo;Espagne \u00e0 Calar Alto, en Andalousie.<\/p>\n<p>L&rsquo;Espagnol Enric Mas s&rsquo;est quant \u00e0 lui un peu plus affirm\u00e9 comme leader du classement g\u00e9n\u00e9ral et nouveau favori.<\/p>\n<p>Dans cette \u00e9tape de montagne, avec une arriv\u00e9e au sommet, Jakob Omrzel a sign\u00e9 sa premi\u00e8re victoire sur un Grand Tour au terme d&rsquo;un superbe num\u00e9ro. Le coureur de l&rsquo;\u00e9quipe Bahrain Victorious faisait partie de la premi\u00e8re \u00e9chapp\u00e9e du jour.<\/p>\n<p>Omrzel s&rsquo;est impos\u00e9 devant le Basque Urko Berrade, 2e \u00e0 1&rsquo;56, et son co\u00e9quipier colombien Santiago Buitrago (3e \u00e0 2&rsquo;13). Enric Mas a termin\u00e9 6e de l&rsquo;\u00e9tape et grappill\u00e9 une trentaine de secondes sur ses principaux rivaux Primoz Roglic et Felix Gall.<\/p>\n<p> \/ATS<\/p>\n","protected":false},"excerpt":{"rendered":"Epatant du haut de ses 20 ans, le Slov\u00e8ne Jakob Omrzel a remport\u00e9 jeudi en solitaire la 12e&hellip;\n","protected":false},"author":2,"featured_media":290656,"comment_status":"","ping_status":"","sticky":false,"template":"","format":"standard","meta":{"footnotes":"","_share_on_mastodon":"0"},"categories":[8],"tags":[121,124,128,119,122,123,118,136,132,131,133,130,135,120,126,117,125,114,115,116,75,23,129,127,134],"class_list":["post-290655","post","type-post","status-publish","format-standard","has-post-thumbnail","category-sports","tag-ajoie","tag-animation","tag-bienne","tag-delemont","tag-franches-montagnes","tag-frequence","tag-jura","tag-jura-bernois","tag-la-chaux-de-fonds","tag-moutier","tag-neuchatel","tag-neuveville","tag-payerne","tag-porrentruy","tag-publicite","tag-radio","tag-redaction","tag-rfj","tag-rjb","tag-rtn","tag-sports","tag-suisse","tag-tavannes","tag-vallon-de-st-imier","tag-yverdon"],"share_on_mastodon":{"url":"https:\/\/pubeurope.com\/@ch_fr\/117210053894619016","error":""},"_links":{"self":[{"href":"https:\/\/www.europesays.com\/ch-fr\/wp-json\/wp\/v2\/posts\/290655","targetHints":{"allow":["GET"]}}],"collection":[{"href":"https:\/\/www.europesays.com\/ch-fr\/wp-json\/wp\/v2\/posts"}],"about":[{"href":"https:\/\/www.europesays.com\/ch-fr\/wp-json\/wp\/v2\/types\/post"}],"author":[{"embeddable":true,"href":"https:\/\/www.europesays.com\/ch-fr\/wp-json\/wp\/v2\/users\/2"}],"replies":[{"embeddable":true,"href":"https:\/\/www.europesays.com\/ch-fr\/wp-json\/wp\/v2\/comments?post=290655"}],"version-history":[{"count":0,"href":"https:\/\/www.europesays.com\/ch-fr\/wp-json\/wp\/v2\/posts\/290655\/revisions"}],"wp:featuredmedia":[{"embeddable":true,"href":"https:\/\/www.europesays.com\/ch-fr\/wp-json\/wp\/v2\/media\/290656"}],"wp:attachment":[{"href":"https:\/\/www.europesays.com\/ch-fr\/wp-json\/wp\/v2\/media?parent=290655"}],"wp:term":[{"taxonomy":"category","embeddable":true,"href":"https:\/\/www.europesays.com\/ch-fr\/wp-json\/wp\/v2\/categories?post=290655"},{"taxonomy":"post_tag","embeddable":true,"href":"https:\/\/www.europesays.com\/ch-fr\/wp-json\/wp\/v2\/tags?post=290655"}],"curies":[{"name":"wp","href":"https:\/\/api.w.org\/{rel}","templated":true}]}}