{"id":290675,"date":"2026-09-04T01:10:24","date_gmt":"2026-09-04T01:10:24","guid":{"rendered":"https:\/\/www.europesays.com\/ch-fr\/290675\/"},"modified":"2026-09-04T01:10:24","modified_gmt":"2026-09-04T01:10:24","slug":"saxon-les-details-du-nouvel-album-gods-of-thunder-clip-video-de-la-chanson-titre-devoile","status":"publish","type":"post","link":"https:\/\/www.europesays.com\/ch-fr\/290675\/","title":{"rendered":"SAXON : les d\u00e9tails du nouvel album Gods Of Thunder ; clip vid\u00e9o de la chanson-titre d\u00e9voil\u00e9"},"content":{"rendered":"<p>\t\t\t\t\t\t\t <a href=\"https:\/\/www.radiometal.com\/category\/news-express\" title=\"News Express\" rel=\"nofollow noopener\" target=\"_blank\">News Express<\/a>\u00a0 \u00a0  <\/p>\n<p>&#13;<br \/>\n                                 mercredi, 2 septembre 2026 &#13;<br \/>\n\t\t\t\t\t\t\t\t            \u00e0&#13;<br \/>\n\t\t\t\t\t\t\t\t\t\t\t14:00\t\t\t\t\t\t\t\t          par&#13;<br \/>\n\t\t\t\t\t\t\t\t          Vincent BN          <\/p>\n<p>\t\t\t<br clear=\"all\" \/><\/p>\n<p>Le groupe de heavy metal britannique SAXON sortira son nouvel album, intitul\u00e9 Gods Of Thunder, le 22 janvier 2027 via Silver Lining Music. <\/p>\n<p>Ce nouvel album puise ses inspirations dans l\u2019histoire, l\u2019heroic fantasy, l\u2019\u00e9pouvante, les mythologies anciennes, les rites pa\u00efens et l\u2019esprit ind\u00e9modable du rock \u2018n\u2019 roll. Il a \u00e9t\u00e9 produit par l\u2019infatigable fondateur et leader de SAXON, Biff Byford et mix\u00e9 par Andy Sneap (JUDAS PRIEST, EXODUS, \u2026), <\/p>\n<p>Le chanteur Biff Byford d\u00e9clare : \u00ab On s\u2019est vraiment bien amus\u00e9s \u00e0 faire cet album. Celui-ci met la barre tr\u00e8s haut ! \u00bb<\/p>\n<p>\u00c0 propos de l\u2019implication du nouveau guitariste Brian Tatler dans le processus de composition, Biff pr\u00e9cise : \u00ab La r\u00e9partition du travail est assez \u00e9quilibr\u00e9e entre les guitaristes Brian et Doug (Scarratt). Brian apporte \u00e9norm\u00e9ment au groupe. Cela ne veut pas dire que Paul (Quinn) n\u2019apportait pas lui aussi beaucoup, mais les fans adorent Brian et il est extr\u00eamement respect\u00e9 dans le milieu. \u00bb<\/p>\n<p>Clip vid\u00e9o de la chanson \u00ab\u00a0Gods Of Thunder\u00a0\u00bb :<\/p>\n<p>Biff Byford confie : \u00ab La chanson Gods of Thunder est un r\u00e9cit grandiose des fables celtes impr\u00e9gn\u00e9es de l\u2019esprit et de la puissance du v\u00e9ritable heavy metal. Montez le son et headbanguez ! \u00bb<\/p>\n<p>Tracklist :<\/p>\n<p>01. The Flight Of Pegasus<br \/>02. Medusa<br \/>03. Gods Of Thunder<br \/>04. Blood Moon Rising<br \/>05. The Bloody Tower The Ballad Of Anne Boleyn<br \/>06. Remember The Alamo<br \/>07. Metal Machine<br \/>08. Temple Of Rock<br \/>09. Take The Sword From The Stone<br \/>10. Mi5<\/p>\n<p>Artwork :<\/p>\n<p><a href=\"https:\/\/www.europesays.com\/ch-fr\/wp-content\/uploads\/2026\/09\/saxon_gods_of_thunder.png\"><img decoding=\"async\" src=\"https:\/\/www.europesays.com\/ch-fr\/wp-content\/uploads\/2026\/09\/saxon_gods_of_thunder.png\" alt=\"\" width=\"550\" class=\"aligncenter size-full wp-image-487755\" \/><\/a><\/p>\n<p>\t\t\t\t\t\t\t\t\t\t\t\t\t\t<br clear=\"all\" \/><\/p>\n<p>\t\t\t\t\t\t\t <br clear=\"all\" \/><\/p>\n","protected":false},"excerpt":{"rendered":"News Express\u00a0 \u00a0 &#13; mercredi, 2 septembre 2026 &#13; \u00e0&#13; 14:00 par&#13; Vincent BN Le groupe de heavy&hellip;\n","protected":false},"author":2,"featured_media":290676,"comment_status":"","ping_status":"","sticky":false,"template":"","format":"standard","meta":{"footnotes":"","_share_on_mastodon":"0"},"categories":[12],"tags":[113,112,140,141,26988,23],"class_list":["post-290675","post","type-post","status-publish","format-standard","has-post-thumbnail","category-musique","tag-divertissement","tag-entertainment","tag-music","tag-musique","tag-saxon","tag-suisse"],"share_on_mastodon":{"url":"https:\/\/pubeurope.com\/@ch_fr\/117210109038916042","error":""},"_links":{"self":[{"href":"https:\/\/www.europesays.com\/ch-fr\/wp-json\/wp\/v2\/posts\/290675","targetHints":{"allow":["GET"]}}],"collection":[{"href":"https:\/\/www.europesays.com\/ch-fr\/wp-json\/wp\/v2\/posts"}],"about":[{"href":"https:\/\/www.europesays.com\/ch-fr\/wp-json\/wp\/v2\/types\/post"}],"author":[{"embeddable":true,"href":"https:\/\/www.europesays.com\/ch-fr\/wp-json\/wp\/v2\/users\/2"}],"replies":[{"embeddable":true,"href":"https:\/\/www.europesays.com\/ch-fr\/wp-json\/wp\/v2\/comments?post=290675"}],"version-history":[{"count":0,"href":"https:\/\/www.europesays.com\/ch-fr\/wp-json\/wp\/v2\/posts\/290675\/revisions"}],"wp:featuredmedia":[{"embeddable":true,"href":"https:\/\/www.europesays.com\/ch-fr\/wp-json\/wp\/v2\/media\/290676"}],"wp:attachment":[{"href":"https:\/\/www.europesays.com\/ch-fr\/wp-json\/wp\/v2\/media?parent=290675"}],"wp:term":[{"taxonomy":"category","embeddable":true,"href":"https:\/\/www.europesays.com\/ch-fr\/wp-json\/wp\/v2\/categories?post=290675"},{"taxonomy":"post_tag","embeddable":true,"href":"https:\/\/www.europesays.com\/ch-fr\/wp-json\/wp\/v2\/tags?post=290675"}],"curies":[{"name":"wp","href":"https:\/\/api.w.org\/{rel}","templated":true}]}}