{"id":290697,"date":"2026-09-04T01:27:19","date_gmt":"2026-09-04T01:27:19","guid":{"rendered":"https:\/\/www.europesays.com\/ch-fr\/290697\/"},"modified":"2026-09-04T01:27:19","modified_gmt":"2026-09-04T01:27:19","slug":"ligue-1-le-programme-tv-de-la-9eme-journee-de-ligue-1","status":"publish","type":"post","link":"https:\/\/www.europesays.com\/ch-fr\/290697\/","title":{"rendered":"Ligue 1 &#8211; Le programme TV de la 9\u00e8me journ\u00e9e de Ligue 1"},"content":{"rendered":"<p>La programmation TV de la 9\u00e8me journ\u00e9e de la Ligue 1 \u00e9dition 2026-2027.<\/p>\n<p>Retrouvez, ci-dessous, la programmation TV de la 9\u00e8me journ\u00e9e de <a href=\"https:\/\/madeinfoot.ouest-france.fr\/ligue-1\/\" rel=\"nofollow noopener\" target=\"_blank\">Ligue 1<\/a>, qui a \u00e9t\u00e9 d\u00e9voil\u00e9e ce mercredi, en d\u00e9but de soir\u00e9e, par la Ligue de Football Professionnel (LFP). Les rencontres se d\u00e9rouleront les vendredi 30, samedi 31 octobre et dimanche 1er novembre prochains.<\/p>\n<p>LE PROGRAMME TV DE LA 9\u00c8ME JOURN\u00c9E DE LIGUE 1<\/p>\n<p>Vendredi 30 octobre<\/p>\n<p>&#13;<br \/>\n19 heures : Le Havre AC &#8211; Paris Saint-Germain (Ligue 1+)&#13;<br \/>\n21h05 : Lille OSC &#8211; RC Lens\u00a0(Ligue 1+)&#13;<\/p>\n<p>Samedi 31 octobre<\/p>\n<p>&#13;<br \/>\n17h15 : OGC Nice &#8211; Stade Rennais FC (Ligue 1+)&#13;<br \/>\n20h45 : Olympique Lyonnais &#8211; Angers SCO (Ligue 1+)&#13;<br \/>\n20h45 : FC Lorient &#8211; Stade Brestois 29 (Ligue 1+)&#13;<br \/>\n20h45 : ESTAC Troyes &#8211; Le Mans FC (Ligue 1+)&#13;<\/p>\n<p>Dimanche 1er novembre\u00a0<\/p>\n<p>&#13;<br \/>\n15 heures : RC Strasbourg Alsace &#8211; AJ Auxerre (Ligue 1+)&#13;<br \/>\n17h15 : Paris FC &#8211; AS Monaco (Ligue 1+)&#13;<br \/>\n20h45 : Olympique de Marseille &#8211; Toulouse FC (Ligue 1+)&#13;<\/p>\n","protected":false},"excerpt":{"rendered":"La programmation TV de la 9\u00e8me journ\u00e9e de la Ligue 1 \u00e9dition 2026-2027. Retrouvez, ci-dessous, la programmation TV&hellip;\n","protected":false},"author":2,"featured_media":290698,"comment_status":"","ping_status":"","sticky":false,"template":"","format":"standard","meta":{"footnotes":"","_share_on_mastodon":"0"},"categories":[13],"tags":[113,112,23,142],"class_list":["post-290697","post","type-post","status-publish","format-standard","has-post-thumbnail","category-television","tag-divertissement","tag-entertainment","tag-suisse","tag-television"],"share_on_mastodon":{"url":"https:\/\/pubeurope.com\/@ch_fr\/117210175695603119","error":""},"_links":{"self":[{"href":"https:\/\/www.europesays.com\/ch-fr\/wp-json\/wp\/v2\/posts\/290697","targetHints":{"allow":["GET"]}}],"collection":[{"href":"https:\/\/www.europesays.com\/ch-fr\/wp-json\/wp\/v2\/posts"}],"about":[{"href":"https:\/\/www.europesays.com\/ch-fr\/wp-json\/wp\/v2\/types\/post"}],"author":[{"embeddable":true,"href":"https:\/\/www.europesays.com\/ch-fr\/wp-json\/wp\/v2\/users\/2"}],"replies":[{"embeddable":true,"href":"https:\/\/www.europesays.com\/ch-fr\/wp-json\/wp\/v2\/comments?post=290697"}],"version-history":[{"count":0,"href":"https:\/\/www.europesays.com\/ch-fr\/wp-json\/wp\/v2\/posts\/290697\/revisions"}],"wp:featuredmedia":[{"embeddable":true,"href":"https:\/\/www.europesays.com\/ch-fr\/wp-json\/wp\/v2\/media\/290698"}],"wp:attachment":[{"href":"https:\/\/www.europesays.com\/ch-fr\/wp-json\/wp\/v2\/media?parent=290697"}],"wp:term":[{"taxonomy":"category","embeddable":true,"href":"https:\/\/www.europesays.com\/ch-fr\/wp-json\/wp\/v2\/categories?post=290697"},{"taxonomy":"post_tag","embeddable":true,"href":"https:\/\/www.europesays.com\/ch-fr\/wp-json\/wp\/v2\/tags?post=290697"}],"curies":[{"name":"wp","href":"https:\/\/api.w.org\/{rel}","templated":true}]}}