{"id":290711,"date":"2026-09-04T01:43:24","date_gmt":"2026-09-04T01:43:24","guid":{"rendered":"https:\/\/www.europesays.com\/ch-fr\/290711\/"},"modified":"2026-09-04T01:43:24","modified_gmt":"2026-09-04T01:43:24","slug":"licone-feministe-americaine-gloria-steinem-est-morte-a-92-ans","status":"publish","type":"post","link":"https:\/\/www.europesays.com\/ch-fr\/290711\/","title":{"rendered":"L\u2019ic\u00f4ne f\u00e9ministe am\u00e9ricaine Gloria Steinem est morte \u00e0 92\u00a0ans"},"content":{"rendered":"<p class=\"mb-4 text-lg md:leading-8 break-words\">La journaliste et essayiste am\u00e9ricaine Gloria Steinem, figure majeure du <a data-ylk=\"slk:f\u00e9minisme;elm:context_link;itc:0;sec:content-canvas;\" data-yga=\"{&quot;yLinkElement&quot;:&quot;link&quot;,&quot;yLinkElementType&quot;:&quot;article_link&quot;}\" href=\"https:\/\/www.huffingtonpost.fr\/politique\/article\/yvette-roudy-figure-feministe-et-ministre-des-droits-de-la-femme-sous-mitterrand-est-decedee_307103.html\" rel=\"noopener noreferrer nofollow\" target=\"_blank\">f\u00e9minisme<\/a>, est d\u00e9c\u00e9d\u00e9e \u00e0 92\u00a0ans mercredi 2\u00a0septembre, a annonc\u00e9 sa fondation, ce jeudi, sur son compte Instagram.<\/p>\n<p class=\"mb-4 text-lg md:leading-8 break-words\">\u00ab\u00a0Gloria Steinem s&rsquo;en est all\u00e9e paisiblement \u00e0 son domicile de New York, entour\u00e9e de proches\u00a0\u00bb, a indiqu\u00e9 la Fondation Gloria, sans pr\u00e9ciser la cause du d\u00e9c\u00e8s mais en saluant \u00ab\u00a0pr\u00e8s de cent ann\u00e9es (&#8230;) bien v\u00e9cues\u00a0\u00bb et consacr\u00e9es \u00ab\u00a0\u00e0 \u0153uvrer pour l&rsquo;\u00e9galit\u00e9 jusqu&rsquo;\u00e0 la toute fin\u00a0\u00bb.<\/p>\n<p class=\"mb-4 text-lg md:leading-8 break-words\"><a data-ylk=\"slk:8\u00a0mars\u00a0: les f\u00e9ministes s&#039;approprient la nuit depuis les ann\u00e9es 1970, des marches nocturnes aux runnings clubs;elm:context_link;itc:0;sec:content-canvas;\" data-yga=\"{&quot;yLinkElement&quot;:&quot;link&quot;,&quot;yLinkElementType&quot;:&quot;article_link&quot;}\" href=\"https:\/\/www.huffingtonpost.fr\/life\/video\/8-mars-les-feministes-s-approprient-la-nuit-depuis-les-annees-1970-des-marches-nocturnes-aux-runnings-clubs_261155.html\" rel=\"noopener noreferrer nofollow\" target=\"_blank\">8\u00a0mars\u00a0: les f\u00e9ministes s&rsquo;approprient la nuit depuis les ann\u00e9es 1970, des marches nocturnes aux runnings clubs<\/a><\/p>\n<p class=\"mb-4 text-lg md:leading-8 break-words\">\u00ab\u00a0Le plus grand don de Gloria \u00e9tait sa capacit\u00e9 \u00e0 \u00e9couter les autres, \u00e0 leur donner le sentiment d&rsquo;\u00eatre vus et entendus. Ses paroles, ses gestes et son exemple permettaient aux gens d&rsquo;\u00eatre pleinement eux-m\u00eames. Gloria a toujours v\u00e9cu en accord avec son esprit ind\u00e9pendant, anim\u00e9e par sa curiosit\u00e9 et un grand sens de l&rsquo;humour\u00a0\u00bb, a poursuivi la fondation.<\/p>\n<p class=\"mb-4 text-lg md:leading-8 break-words\">Avant de devenir l&rsquo;une des t\u00eates de proue du mouvement f\u00e9ministe, Gloria Steinem avait fait ses armes dans le journalisme \u00e0 l&rsquo;aube des ann\u00e9es 1960, une \u00e9poque o\u00f9 nombre d&rsquo;Am\u00e9ricaines devaient encore obtenir l&rsquo;autorisation de leur mari pour ouvrir un compte bancaire.<\/p>\n<p>Fondatrice du Ms. Magazine<\/p>\n<p class=\"mb-4 text-lg md:leading-8 break-words\">Mais c&rsquo;est en couvrant une r\u00e9union o\u00f9 des femmes qui ont avort\u00e9 prennent la parole qu&rsquo;elle disait avoir eu un d\u00e9clic f\u00e9ministe, en 1969. \u00ab\u00a0C&rsquo;est \u00e0 cet instant pr\u00e9cis que je me suis dit que l&rsquo;ordre des choses n&rsquo;\u00e9tait pas immuable. Que toutes ensemble, nous pouvions le changer\u00a0\u00bb, racontait-elle <a data-ylk=\"slk:au;elm:context_link;itc:0;sec:content-canvas;\" data-yga=\"{&quot;yLinkElement&quot;:&quot;link&quot;,&quot;yLinkElementType&quot;:&quot;article_link&quot;}\" href=\"https:\/\/www.lemonde.fr\/societe\/article\/2020\/03\/08\/gloria-steinem-nous-sommes-toutes-construites-par-d-autres-femmes_6032224_3224.html?lmd_medium=al&amp;lmd_campaign=envoye-par-appli&amp;lmd_creation=ios&amp;lmd_source=default\" rel=\"noopener noreferrer nofollow\" target=\"_blank\">au <\/a><a data-ylk=\"slk:Monde;elm:context_link;itc:0;sec:content-canvas;\" data-yga=\"{&quot;yLinkElement&quot;:&quot;link&quot;,&quot;yLinkElementType&quot;:&quot;article_link&quot;}\" href=\"https:\/\/www.lemonde.fr\/societe\/article\/2020\/03\/08\/gloria-steinem-nous-sommes-toutes-construites-par-d-autres-femmes_6032224_3224.html?lmd_medium=al&amp;lmd_campaign=envoye-par-appli&amp;lmd_creation=ios&amp;lmd_source=default\" rel=\"noopener noreferrer nofollow\" target=\"_blank\">Monde<\/a> au mars\u00a02020.<\/p>\n<p class=\"mb-4 text-lg md:leading-8 break-words\">Au fil des voyages, Gloria Steinem \u00e9tait devenue l&rsquo;un des visages incontournables du mouvement f\u00e9ministe. Elle avait fond\u00e9 dans les ann\u00e9es 1970\u00a0Ms. Magazine &#8211; pour \u00ab\u00a0t\u00e9moigner de ce que vivaient les femmes\u00a0\u00bb &#8211; puis le National Women&rsquo;s Political Caucus et organis\u00e9 la premi\u00e8re conf\u00e9rence nationale des femmes \u00e0 Houston.<\/p>\n<p class=\"mb-4 text-lg md:leading-8 break-words\">Elle continuait d&rsquo;organiser, ces derni\u00e8res ann\u00e9es, selon la fondation, ses \u00ab\u00a0talking circles\u00a0\u00bb, une pratique d&rsquo;\u00e9change et d&rsquo;\u00e9coute centrale dans les mouvements sociaux. \u00ab\u00a0Je ne serais pas arriv\u00e9e l\u00e0 si d&rsquo;autres femmes ne m&rsquo;avaient ouvert la voie et montr\u00e9 que l&rsquo;horizon des possibles \u00e9tait plus large et plus d\u00e9gag\u00e9 que je ne le pensais (&#8230;). Nous sommes toutes construites par d&rsquo;autres femmes\u00a0\u00bb, mettait-elle en avant aupr\u00e8s du Monde.<\/p>\n<p class=\"mb-4 text-lg md:leading-8 break-words\">N\u00e9e dans l&rsquo;Ohio le 25\u00a0mars\u00a01934, Gloria Steinem avait grandi en suivant le mode de vie nomade de son p\u00e8re, vendeur d&rsquo;antiquit\u00e9s ambulant, jusqu&rsquo;au divorce de ses parents quand elle avait 10\u00a0ans. Apr\u00e8s la s\u00e9paration, elle s&rsquo;\u00e9tait occup\u00e9e de sa m\u00e8re, sujette \u00e0 la d\u00e9pression.<\/p>\n<p class=\"mb-4 text-lg md:leading-8 break-words\">Apr\u00e8s la publication d&rsquo;Une r\u00e9volution int\u00e9rieure (1992) et Ma vie sur la route (2015), la militante s&rsquo;\u00e9tait consacr\u00e9e \u00e0 l&rsquo;\u00e9criture d&rsquo;An Unexpected Life. L&rsquo;ouvrage autobiographique doit para\u00eetre \u00e0 la fin du mois.<\/p>\n<p class=\"mb-4 text-lg md:leading-8 break-words\"><a data-ylk=\"slk:George Clooney a profit\u00e9 de la Mostra de Venise pour dire ce qu&#039;il pense de Donald Trump;elm:context_link;itc:0;sec:content-canvas;\" data-yga=\"{&quot;yLinkElement&quot;:&quot;link&quot;,&quot;yLinkElementType&quot;:&quot;article_link&quot;}\" href=\"https:\/\/www.huffingtonpost.fr\/culture\/video\/george-clooney-a-profite-de-la-mostra-de-venise-pour-dire-ce-qu-il-pense-de-donald-trump_316967.html\" rel=\"noopener noreferrer nofollow\" target=\"_blank\">George Clooney a profit\u00e9 de la Mostra de Venise pour dire ce qu&rsquo;il pense de Donald Trump<\/a><\/p>\n<p class=\"mb-4 text-lg md:leading-8 break-words\"><a data-ylk=\"slk:Le soulagement des proches des membres de l&#039;USS Abraham Lincoln, en escale pour la premi\u00e8re fois depuis 9\u00a0mois;elm:context_link;itc:0;sec:content-canvas;\" data-yga=\"{&quot;yLinkElement&quot;:&quot;link&quot;,&quot;yLinkElementType&quot;:&quot;article_link&quot;}\" href=\"https:\/\/www.huffingtonpost.fr\/international\/video\/le-soulagement-des-proches-des-membres-de-l-uss-abraham-lincoln-en-escale-pour-la-premiere-fois-depuis-9-mois_316680.html\" rel=\"noopener noreferrer nofollow\" target=\"_blank\">Le soulagement des proches des membres de l&rsquo;USS Abraham Lincoln, en escale pour la premi\u00e8re fois depuis 9\u00a0mois<\/a><\/p>\n","protected":false},"excerpt":{"rendered":"La journaliste et essayiste am\u00e9ricaine Gloria Steinem, figure majeure du f\u00e9minisme, est d\u00e9c\u00e9d\u00e9e \u00e0 92\u00a0ans mercredi 2\u00a0septembre, a&hellip;\n","protected":false},"author":2,"featured_media":290712,"comment_status":"","ping_status":"","sticky":false,"template":"","format":"standard","meta":{"footnotes":"","_share_on_mastodon":"0"},"categories":[15],"tags":[158,157,113,63300,112,2431,63299,8832,63298,63297,63301,864,159,23],"class_list":["post-290711","post","type-post","status-publish","format-standard","has-post-thumbnail","category-people","tag-celebrities","tag-celebrity","tag-divertissement","tag-elle-avait","tag-entertainment","tag-femmes","tag-frederick-m-brown","tag-gloria","tag-gloria-steinem","tag-gloria-steinem-a-la-television-americaine","tag-gloria-steinem-etait-devenue","tag-magazine","tag-people","tag-suisse"],"share_on_mastodon":{"url":"https:\/\/pubeurope.com\/@ch_fr\/117210238397641209","error":""},"_links":{"self":[{"href":"https:\/\/www.europesays.com\/ch-fr\/wp-json\/wp\/v2\/posts\/290711","targetHints":{"allow":["GET"]}}],"collection":[{"href":"https:\/\/www.europesays.com\/ch-fr\/wp-json\/wp\/v2\/posts"}],"about":[{"href":"https:\/\/www.europesays.com\/ch-fr\/wp-json\/wp\/v2\/types\/post"}],"author":[{"embeddable":true,"href":"https:\/\/www.europesays.com\/ch-fr\/wp-json\/wp\/v2\/users\/2"}],"replies":[{"embeddable":true,"href":"https:\/\/www.europesays.com\/ch-fr\/wp-json\/wp\/v2\/comments?post=290711"}],"version-history":[{"count":0,"href":"https:\/\/www.europesays.com\/ch-fr\/wp-json\/wp\/v2\/posts\/290711\/revisions"}],"wp:featuredmedia":[{"embeddable":true,"href":"https:\/\/www.europesays.com\/ch-fr\/wp-json\/wp\/v2\/media\/290712"}],"wp:attachment":[{"href":"https:\/\/www.europesays.com\/ch-fr\/wp-json\/wp\/v2\/media?parent=290711"}],"wp:term":[{"taxonomy":"category","embeddable":true,"href":"https:\/\/www.europesays.com\/ch-fr\/wp-json\/wp\/v2\/categories?post=290711"},{"taxonomy":"post_tag","embeddable":true,"href":"https:\/\/www.europesays.com\/ch-fr\/wp-json\/wp\/v2\/tags?post=290711"}],"curies":[{"name":"wp","href":"https:\/\/api.w.org\/{rel}","templated":true}]}}