{"id":290715,"date":"2026-09-04T01:46:22","date_gmt":"2026-09-04T01:46:22","guid":{"rendered":"https:\/\/www.europesays.com\/ch-fr\/290715\/"},"modified":"2026-09-04T01:46:22","modified_gmt":"2026-09-04T01:46:22","slug":"france-televisions-lecran-qui-inspire-du-temps-sans-ecran-image","status":"publish","type":"post","link":"https:\/\/www.europesays.com\/ch-fr\/290715\/","title":{"rendered":"France T\u00e9l\u00e9visions : l&rsquo;\u00e9cran qui inspire du temps sans \u00e9cran &#8211; Image"},"content":{"rendered":"<p>France T\u00e9l\u00e9visions s&rsquo;engage et fait campagne <a href=\"https:\/\/www.cbnews.fr\/conseil\/australie-remporte-france-televisions\" rel=\"noopener nofollow\" target=\"_blank\">avec sa nouvelle agence\u00a0<\/a><a href=\"https:\/\/www.cbnews.fr\/conseil\/australie-remporte-france-televisions\" rel=\"noopener nofollow\" target=\"_blank\">Australie.Gad<\/a>\u00a0pour une approche raisonn\u00e9e et inspirante de la consommation de l&rsquo;\u00e9cran.\u00a0Jusqu&rsquo;au 23 septembre, une campagne publicitaire sur le th\u00e8me de la consommation d&rsquo;\u00e9crans se d\u00e9ploie sur le territoire national ciblant prioritairement les familles mais visant aussi \u00e0 une prise de conscience de l&rsquo;ensemble du public. S&rsquo;appuyant sur des programmes \u00e0 destination des jeunes et de la famille, elle met en sc\u00e8ne des enfants et adolescents en pleine activit\u00e9 que leur a inspir\u00e9 un contenu visionn\u00e9 un peu plus t\u00f4t sur France T\u00e9l\u00e9visions.\n<\/p>\n<p>D\u00e9clin\u00e9e en 5 visuels et autant d&rsquo;activit\u00e9s inspir\u00e9es (lecture, loisirs ludo-\u00e9ducatifs, sport, jeux collectifs&#8230;.), le dispositif se d\u00e9ploie tout au long du mois de septembre en formats DOOH et OOH, en milieu urbain, dans les commerces de proximit\u00e9 et les centres commerciaux ainsi qu&rsquo;en gares et stations de m\u00e9tros.<\/p>\n<p>Cette campagne s&rsquo;accompagne d&rsquo;un relais \u00e9ditorial sur les antennes de France T\u00e9l\u00e9visions tout au long du mois de septembre, lors d&rsquo;\u00e9v\u00e9nements terrains, d&rsquo;actions \u00e9ducatives, sur les r\u00e9seaux sociaux ciblant les parents et la famille.\n<\/p>\n<p>                 <img fetchpriority=\"high\" decoding=\"async\" loading=\"eager\"   width=\"400\" height=\"254\" src=\"https:\/\/www.europesays.com\/ch-fr\/wp-content\/uploads\/2026\/09\/1788486380_503_4.png\" alt=\"France T\u00e9l\u00e9visions\" typeof=\"foaf:Image\"\/><\/p>\n<p>                 <img decoding=\"async\" loading=\"eager\"   width=\"400\" height=\"238\" src=\"https:\/\/www.europesays.com\/ch-fr\/wp-content\/uploads\/2026\/09\/1788486381_948_3.png\" alt=\"France T\u00e9l\u00e9visions\" typeof=\"foaf:Image\"\/><\/p>\n<p>                 <img decoding=\"async\" loading=\"eager\"   width=\"400\" height=\"250\" src=\"https:\/\/www.europesays.com\/ch-fr\/wp-content\/uploads\/2026\/09\/1788486382_237_2.png\" alt=\"France T\u00e9l\u00e9visions\" typeof=\"foaf:Image\"\/><\/p>\n<p>                 <img decoding=\"async\" loading=\"eager\"   width=\"400\" height=\"237\" src=\"https:\/\/www.europesays.com\/ch-fr\/wp-content\/uploads\/2026\/09\/1788486382_795_1.png\" alt=\"France T\u00e9l\u00e9visions\" typeof=\"foaf:Image\"\/><\/p>\n","protected":false},"excerpt":{"rendered":"France T\u00e9l\u00e9visions s&rsquo;engage et fait campagne avec sa nouvelle agence\u00a0Australie.Gad\u00a0pour une approche raisonn\u00e9e et inspirante de la consommation&hellip;\n","protected":false},"author":2,"featured_media":290716,"comment_status":"","ping_status":"","sticky":false,"template":"","format":"standard","meta":{"footnotes":"","_share_on_mastodon":"0"},"categories":[13],"tags":[113,112,23,142],"class_list":["post-290715","post","type-post","status-publish","format-standard","has-post-thumbnail","category-television","tag-divertissement","tag-entertainment","tag-suisse","tag-television"],"share_on_mastodon":{"url":"https:\/\/pubeurope.com\/@ch_fr\/117210250931934261","error":""},"_links":{"self":[{"href":"https:\/\/www.europesays.com\/ch-fr\/wp-json\/wp\/v2\/posts\/290715","targetHints":{"allow":["GET"]}}],"collection":[{"href":"https:\/\/www.europesays.com\/ch-fr\/wp-json\/wp\/v2\/posts"}],"about":[{"href":"https:\/\/www.europesays.com\/ch-fr\/wp-json\/wp\/v2\/types\/post"}],"author":[{"embeddable":true,"href":"https:\/\/www.europesays.com\/ch-fr\/wp-json\/wp\/v2\/users\/2"}],"replies":[{"embeddable":true,"href":"https:\/\/www.europesays.com\/ch-fr\/wp-json\/wp\/v2\/comments?post=290715"}],"version-history":[{"count":0,"href":"https:\/\/www.europesays.com\/ch-fr\/wp-json\/wp\/v2\/posts\/290715\/revisions"}],"wp:featuredmedia":[{"embeddable":true,"href":"https:\/\/www.europesays.com\/ch-fr\/wp-json\/wp\/v2\/media\/290716"}],"wp:attachment":[{"href":"https:\/\/www.europesays.com\/ch-fr\/wp-json\/wp\/v2\/media?parent=290715"}],"wp:term":[{"taxonomy":"category","embeddable":true,"href":"https:\/\/www.europesays.com\/ch-fr\/wp-json\/wp\/v2\/categories?post=290715"},{"taxonomy":"post_tag","embeddable":true,"href":"https:\/\/www.europesays.com\/ch-fr\/wp-json\/wp\/v2\/tags?post=290715"}],"curies":[{"name":"wp","href":"https:\/\/api.w.org\/{rel}","templated":true}]}}