{"id":290735,"date":"2026-09-04T02:04:18","date_gmt":"2026-09-04T02:04:18","guid":{"rendered":"https:\/\/www.europesays.com\/ch-fr\/290735\/"},"modified":"2026-09-04T02:04:18","modified_gmt":"2026-09-04T02:04:18","slug":"je-reve-de-the-voice-quelle-est-cette-voix-qui-fait-trembler-les-murs-dans-le-parking-souterrain-a-lons-le-saunier","status":"publish","type":"post","link":"https:\/\/www.europesays.com\/ch-fr\/290735\/","title":{"rendered":"\u00ab\u00a0Je r\u00eave de The Voice\u00a0\u00bb : quelle est cette voix qui fait trembler les murs dans le parking souterrain \u00e0 Lons-le-Saunier\u00a0?"},"content":{"rendered":"<p>                    Par<\/p>\n<p>            <a href=\"https:\/\/actu.fr\/auteur\/lucas-lallemand\" title=\"Consulter tous les articles de Lucas Lallemand\" rel=\"nofollow noopener\" target=\"_blank\">Lucas Lallemand<\/a><\/p>\n<p>        Publi\u00e9 le<\/p>\n<p>            2 sept. 2026 \u00e0 17h42<br \/>\n        ; mis \u00e0 jour le 2 sept. 2026 \u00e0 20h23    <\/p>\n<p>Il n\u2019a que vingt ans, mais a d\u00e9j\u00e0 travers\u00e9 le d\u00e9sert plusieurs fois. Et puis un jour, le d\u00e9clic s\u2019est produit. Il a fallu un s\u00e9jour en h\u00f4pital psychiatrique, \u00e0 Dole (<a href=\"https:\/\/actu.fr\/bourgogne-franche-comte\/jura_39\" rel=\"nofollow noopener\" target=\"_blank\">Jura<\/a>), pour le \u00ab\u2009sauver\u2009\u00bb de ses d\u00e9mons\u2009: l\u2019alcool, la d\u00e9pression. En sortant, il a voulu reprendre le cours de sa passion pour le chant, qu\u2019il nourrit depuis l\u2019\u00e2ge de cinq ans. Mercredi 2\u00a0septembre, sa voix de chanteur corse s\u2019\u00e9levait dans les rues de <a href=\"https:\/\/actu.fr\/bourgogne-franche-comte\/lons-le-saunier_39300\" rel=\"nofollow noopener\" target=\"_blank\">Lons-le-Saunier<\/a>\u2009: Voix du Jura est all\u00e9e \u00e0 sa rencontre, dans le parking souterrain, place de la Libert\u00e9, o\u00f9 il passe des heures \u00e0 chanter \u00ab\u2009comme sous la douche\u2009\u00bb.<\/p>\n<p>    <a href=\"https:\/\/www.google.com\/maps\/embed?pb=!4v1788361543510!6m8!1m7!1sUMTTutWhhKKNNTkdRBy3Ww!2m2!1d46.67351601877234!2d5.553532207360671!3f30.974396!4f0!5f0.7820865974627469\" title=\"Ouvrie le lien\" rel=\"nofollow noopener\" target=\"_blank\">Cliquez ici pour visualiser le contenu<\/a><\/p>\n<p class=\" wall-content\">\u00ab\u2009J\u2019aime bien l\u2019\u00e9cho et le timbre de voix que \u00e7a me donne\u2009\u00bb, confie-t-il avec timidit\u00e9. Il a test\u00e9 cette technique au parking souterrain du magasin Leclerc, \u00e0 <a href=\"https:\/\/actu.fr\/auvergne-rhone-alpes\/bourg-en-bresse_01053\" rel=\"nofollow noopener\" target=\"_blank\">Bourg-en-Bresse<\/a> (Ain), avant de l\u2019\u00e9prouver un peu plus pr\u00e8s de chez lui, \u00e0 la gare de Lons-le-Saunier, encore sous terre. \u00ab\u2009Les gens appr\u00e9ciaient de m\u2019entendre chanter, m\u00eame s\u2019ils \u00e9taient souvent press\u00e9s, souffle-t-il. Il y a juste un gars, un jour, qui m\u2019a cours\u00e9 en m\u2019insultant pour que je me taise. Il disait que je lui cassais les oreilles. En m\u00eame temps, il venait de louper son train et il \u00e9tait un peu v\u00e9n\u00e8re, je crois.\u2009\u00bb<\/p>\n<p>    <a href=\"https:\/\/www.facebook.com\/plugins\/video.php?height=476&amp;href=https%3A%2F%2Fwww.facebook.com%2Freel%2F1750301972873728%2F&amp;show_text=true&amp;width=350&amp;t=0\" title=\"Ouvrie le lien\" rel=\"nofollow noopener\" target=\"_blank\">Cliquez ici pour visualiser le contenu<\/a><\/p>\n<p>The Voice et Dalida Institute<\/p>\n<p class=\" wall-content\">Merwane a l\u00e2ch\u00e9 les \u00e9tudes et cherche du travail, mais n\u2019a pas le permis. Il aimerait d\u00e9crocher un DAEU (dipl\u00f4me d\u2019acc\u00e8s aux \u00e9tudes universitaires) pour devenir psychologue. Il tra\u00eene derri\u00e8re sa fr\u00eale silhouette des ann\u00e9es de blessures et d\u2019errance, qui l\u2019ont notamment conduit \u00e0 tenter l\u2019irr\u00e9parable\u2009: \u00ab\u2009La chanson m\u2019aide \u00e0 v\u00e9hiculer des \u00e9motions. J\u2019ai tent\u00e9 un concours de chant \u00e0 Vonnas, dans l\u2019Ain, mais je n\u2019ai jamais pris de cours. Je r\u00eave de participer \u00e0 The Voice.\u2009\u00bb Et pourquoi pas tenter d\u2019int\u00e9grer le prestigieux Dalida Institute, du c\u00f4t\u00e9 d\u2019<a href=\"https:\/\/actu.fr\/provence-alpes-cote-d-azur\/aix-en-provence_13001\" rel=\"nofollow noopener\" target=\"_blank\">Aix-en-Provence<\/a>.<\/p>\n<p class=\" wall-content\">Dans le souterrain l\u00e9donien, il est parfois accompagn\u00e9 de ses amis, qui restent l\u00e0 des heures \u00e0 l\u2019\u00e9couter chanter. Certains l\u2019ont connu via Instagram. Son r\u00e9pertoire\u2009? \u00ab\u2009Des titres m\u00e9lancoliques, principalement.\u2009\u00bb Il interpr\u00e8te, au moment de l\u2019interview, la chanson \u00ab\u2009Ind\u00e9l\u00e9bile\u2009\u00bb, sign\u00e9e Yseult. \u00c0 faire trembler les murs. Jusqu\u2019\u00e0 atteindre le Graal\u2009?<\/p>\n<p class=\" wall-content\">Personnalisez votre actualit\u00e9 en ajoutant vos villes et m\u00e9dias en favori avec <a href=\"https:\/\/moncompte.actu.fr\" title=\"D\u00e9couvez Mon Actu\" rel=\"nofollow noopener\" data-trk=\"{&quot;cta&quot;:{&quot;action&quot;:&quot;https:\\\/\\\/moncompte.actu.fr&quot;,&quot;category&quot;:&quot;mon compte&quot;,&quot;from&quot;:&quot;article footer&quot;,&quot;name&quot;:&quot;Mon actu&quot;,&quot;type&quot;:&quot;cta&quot;}}\" target=\"_blank\">Mon Actu<\/a>.<\/p>\n","protected":false},"excerpt":{"rendered":"Par Lucas Lallemand Publi\u00e9 le 2 sept. 2026 \u00e0 17h42 ; mis \u00e0 jour le 2 sept. 2026&hellip;\n","protected":false},"author":2,"featured_media":290736,"comment_status":"","ping_status":"","sticky":false,"template":"","format":"standard","meta":{"footnotes":"","_share_on_mastodon":"0"},"categories":[13],"tags":[413,113,112,238,23,142,3006],"class_list":["post-290735","post","type-post","status-publish","format-standard","has-post-thumbnail","category-television","tag-chanson","tag-divertissement","tag-entertainment","tag-societe","tag-suisse","tag-television","tag-the-voice"],"share_on_mastodon":{"url":"https:\/\/pubeurope.com\/@ch_fr\/117210320891714846","error":""},"_links":{"self":[{"href":"https:\/\/www.europesays.com\/ch-fr\/wp-json\/wp\/v2\/posts\/290735","targetHints":{"allow":["GET"]}}],"collection":[{"href":"https:\/\/www.europesays.com\/ch-fr\/wp-json\/wp\/v2\/posts"}],"about":[{"href":"https:\/\/www.europesays.com\/ch-fr\/wp-json\/wp\/v2\/types\/post"}],"author":[{"embeddable":true,"href":"https:\/\/www.europesays.com\/ch-fr\/wp-json\/wp\/v2\/users\/2"}],"replies":[{"embeddable":true,"href":"https:\/\/www.europesays.com\/ch-fr\/wp-json\/wp\/v2\/comments?post=290735"}],"version-history":[{"count":0,"href":"https:\/\/www.europesays.com\/ch-fr\/wp-json\/wp\/v2\/posts\/290735\/revisions"}],"wp:featuredmedia":[{"embeddable":true,"href":"https:\/\/www.europesays.com\/ch-fr\/wp-json\/wp\/v2\/media\/290736"}],"wp:attachment":[{"href":"https:\/\/www.europesays.com\/ch-fr\/wp-json\/wp\/v2\/media?parent=290735"}],"wp:term":[{"taxonomy":"category","embeddable":true,"href":"https:\/\/www.europesays.com\/ch-fr\/wp-json\/wp\/v2\/categories?post=290735"},{"taxonomy":"post_tag","embeddable":true,"href":"https:\/\/www.europesays.com\/ch-fr\/wp-json\/wp\/v2\/tags?post=290735"}],"curies":[{"name":"wp","href":"https:\/\/api.w.org\/{rel}","templated":true}]}}