{"id":290757,"date":"2026-09-04T02:23:08","date_gmt":"2026-09-04T02:23:08","guid":{"rendered":"https:\/\/www.europesays.com\/ch-fr\/290757\/"},"modified":"2026-09-04T02:23:08","modified_gmt":"2026-09-04T02:23:08","slug":"iron-maiden-electrise-le-parc-jean-drapeau","status":"publish","type":"post","link":"https:\/\/www.europesays.com\/ch-fr\/290757\/","title":{"rendered":"Iron Maiden \u00e9lectrise le parc Jean-Drapeau"},"content":{"rendered":"<p class=\"1_12_tx_courant\">Le groupe embl\u00e9matique des ann\u00e9es 1980 Iron Maiden a chauff\u00e9 les oreilles des Montr\u00e9alais, jeudi soir au parc Jean-Drapeau.\u00a0<\/p>\n<p class=\"toreadalso-fromEMP\">\u2022 \u00c0 lire aussi\u00a0: <a href=\"https:\/\/www.journaldequebec.com\/2026\/08\/31\/ca-me-prend-bruce-dickinson---comment-la-voix-du-chanteur-diron-maiden-sest-retrouvee-dans-un-film-danimation-quebecois-presente-au-fcvq\" target=\"faa8776a-97f5-4679-ab03-febd455d16dc\" rel=\"nofollow noopener\">[VID\u00c9O] | \u00ab\u00a0\u00c7a me prend Bruce Dickinson\u00a0\u00bb : comment la voix du chanteur d\u2019Iron Maiden s\u2019est retrouv\u00e9e dans un film d\u2019animation qu\u00e9b\u00e9cois pr\u00e9sent\u00e9 au FCVQ<\/a><\/p>\n<p class=\"toreadalso-fromEMP\">\u2022 \u00c0 lire aussi\u00a0: <a href=\"https:\/\/www.tvanouvelles.ca\/2026\/09\/03\/apparition-remarquee-dans-la-capitale-francaise--celine-dion-donne-une-lecon-de-style-aux-parisiens\" target=\"3ac258ca-6d04-4450-aa86-ef4e654f3a48\" rel=\"nofollow noopener\">C\u00e9line Dion donne une le\u00e7on de style aux Parisiens<\/a><\/p>\n<p class=\"1_12_tx_courant\">La formation de heavy m\u00e9tal, qui s\u2019est amen\u00e9e sur sc\u00e8ne aux environs de 20 h 40, a pr\u00e9sent\u00e9 devant une foule tr\u00e8s dense, mais aussi tr\u00e8s diversifi\u00e9e \u2013 il y avait des familles, des enfants d\u2019une dizaine d\u2019ann\u00e9es comme des bambins dans des porte-b\u00e9b\u00e9s \u2013 un concert issu de sa tourn\u00e9e mondiale Run For Your Lives, dont la portion nord-am\u00e9ricaine s\u2019est amorc\u00e9e samedi dernier \u00e0 Toronto.<\/p>\n<p>          <img  alt=\"Bruce Dickinson, le chanteur d'Iron Maiden, au parc Jean-Drapeau.\" class=\"lazyload\"\/><\/p>\n<p>\n                                            Bruce Dickinson, le chanteur d&rsquo;Iron Maiden, au parc Jean-Drapeau.<\/p>\n<p>                                                    Photo Mario Beauregard<\/p>\n<p class=\"1_12_tx_courant\">Form\u00e9 \u00e0 Londres au milieu des ann\u00e9es 1970, le groupe de quasi-septuag\u00e9naires a jou\u00e9 jeudi une quinzaine de titres retra\u00e7ant son parcours \u00e0 travers les \u00e9poques. Il a entre autres repris ses immenses succ\u00e8s Run to the Hills et The Trooper \u2013 qui ont assur\u00e9ment \u00e9t\u00e9 les pi\u00e8ces les plus acclam\u00e9es de la soir\u00e9e par les Montr\u00e9alais \u2013, Powerslave, The Number of the Beast et Rime of the Ancient Mariner.<\/p>\n<p class=\"1_12_tx_courant\">Killers et Seventh Son of a Seventh Son, extraits des albums du m\u00eame nom sortis respectivement en 1981 et en 1988, faisaient aussi partie du programme.<\/p>\n<p class=\"1_12_tx_courant\">Le chanteur d\u2019Iron Maiden, Bruce Dickinson, 68 ans, pr\u00e9sentait quant \u00e0 lui une forme physique et vocale extraordinaire jeudi soir, courant, sautant et tournoyant sur cette sc\u00e8ne montr\u00e9alaise qu\u2019il habitait pleinement.<\/p>\n<p>          <img  alt=\"Bruce Dickinson, le chanteur d'Iron Maiden, au parc Jean-Drapeau.\" class=\"lazyload\"\/><\/p>\n<p>\n                                            Bruce Dickinson, le chanteur d&rsquo;Iron Maiden, au parc Jean-Drapeau.<\/p>\n<p>                                                    Photo Mario Beauregard<\/p>\n<p class=\"1_12_tx_courant\">Il s\u2019est \u00e9galement adress\u00e9 \u00e0 de nombreuses reprises \u00e0 sa foule, presque unanimement v\u00eatue aux couleurs du groupe, et ce, en fran\u00e7ais. Il a notamment insist\u00e9 sur l\u2019appellation du lac Ontario, par lequel il est pass\u00e9 dans les derniers jours et que le pr\u00e9sident am\u00e9ricain a r\u00e9cemment fait rebaptiser \u00ab\u00a0Lake America\u00a0\u00bb de son c\u00f4t\u00e9 de la fronti\u00e8re. Si la qualit\u00e9 de son fran\u00e7ais \u00e9tait globalement bonne, cette portion s\u2019est d\u00e9roul\u00e9e dans un fran\u00e7ais approximatif, mais le public a tout de m\u00eame salu\u00e9 et applaudi l\u2019effort.<\/p>\n<p class=\"1_12_tx_courant\">Apr\u00e8s son commentaire politique, l\u2019interpr\u00e8te britannique a ensuite pr\u00e9sent\u00e9 Phantom of the Opera, dans la langue de Moli\u00e8re\u00a0: Le fant\u00f4me de l\u2019op\u00e9ra.<\/p>\n<p>          <img  alt=\"Eddie, la mascotte d'Iron Maiden, est venue faire son tour lors du concert du groupe au Parc Jean-Drapeau.\" class=\"lazyload\"\/><\/p>\n<p>\n                                            Eddie, la mascotte d&rsquo;Iron Maiden, est venue faire son tour lors du concert du groupe au Parc Jean-Drapeau.<\/p>\n<p>                                                    Photo Mario Beauregard<\/p>\n<p class=\"1_12_tx_courant\">\u00ab\u00a0Il y a beaucoup de mouches ici ce soir, c\u2019est comme une pluie de mouches\u00a0\u00bb, a-t-il plus tard lanc\u00e9 \u00e0 la rigolade, incitant sur l\u2019importance de boire de l\u2019eau lors de concerts du genre, avant d\u2019encha\u00eener avec la suite du programme.<\/p>\n<p class=\"1_12_tx_courant\">Iron Maiden est compos\u00e9 de Steve Harris, 70 ans, \u00e0 la basse, ainsi que de Dave Murray, 70 ans, Adrian Smith, 69 ans, et Janick Gers, 69 ans, aux guitares. Rappelons que l\u2019ancien batteur Nicko McBrain, 74 ans, a pris sa retraite en d\u00e9cembre 2024 et a depuis \u00e9t\u00e9 remplac\u00e9 par Simon Dawson, 63 ans.<\/p>\n<p>          <img  alt=\"Iron Maiden. auParc Jean-Drapeau.\" class=\"lazyload\"\/><\/p>\n<p>\n                                            Iron Maiden. auParc Jean-Drapeau.<\/p>\n<p>                                                    Photo Mario Beauregard<\/p>\n<p class=\"1_12_tx_courant\">Iron Maiden passera les prochaines semaines \u00e0 arpenter les routes am\u00e9ricaines avant de faire escale en Australie, en Nouvelle-Z\u00e9lande et au Japon.<\/p>\n<p>          <img  alt=\"Iron Maiden au parc Jean-Drapeau de Montr\u00e9al.&#10;Sur cette photo: Iron Maiden en spectacle\" class=\"lazyload\"\/><\/p>\n<p>\n                                            Iron Maiden au parc Jean-Drapeau de Montr\u00e9al.<br \/>\nSur cette photo: Iron Maiden en spectacle<\/p>\n<p>                                                    Photo Mario Beauregard<\/p>\n<p>  Programme triple<\/p>\n<p class=\"1_12_tx_courant\">Cette soir\u00e9e compl\u00e8tement metal, organis\u00e9e au parc Jean-Drapeau, s\u2019est ouverte vers l\u2019heure du souper avec la formation new-yorkaise Anthrax, suivie de la californienne Megadeth.<\/p>\n<p>          <img  alt=\"Spectacteurs aux premi\u00e8res loges du spectacles d'Iron Maiden au Parc Jean-Drapeau.&#10;Sur cette photo: Fans de Iron Maiden\" class=\"lazyload\"\/><\/p>\n<p>\n                                            Spectacteurs aux premi\u00e8res loges du spectacles d&rsquo;Iron Maiden au Parc Jean-Drapeau.<br \/>\nSur cette photo: Fans de Iron Maiden<\/p>\n<p>                                                    Photo Mario Beauregard<\/p>\n<p class=\"1_12_tx_courant\">Cette derni\u00e8re a offert au public une prestation appr\u00e9ci\u00e9e par les Montr\u00e9alais. Pendant environ une heure, le groupe a jou\u00e9 une dizaine de classiques issus de son r\u00e9pertoire.<\/p>\n<p class=\"1_12_tx_courant\">Dave Mustaine, 64 ans, est le seul membre d\u2019origine toujours pr\u00e9sent au sein du groupe, qu\u2019il a form\u00e9 \u00e0 la suite de son \u00e9viction de Metallica en 1983.<\/p>\n","protected":false},"excerpt":{"rendered":"Le groupe embl\u00e9matique des ann\u00e9es 1980 Iron Maiden a chauff\u00e9 les oreilles des Montr\u00e9alais, jeudi soir au parc&hellip;\n","protected":false},"author":2,"featured_media":290758,"comment_status":"","ping_status":"","sticky":false,"template":"","format":"standard","meta":{"footnotes":"","_share_on_mastodon":"0"},"categories":[12],"tags":[113,112,140,141,23],"class_list":["post-290757","post","type-post","status-publish","format-standard","has-post-thumbnail","category-musique","tag-divertissement","tag-entertainment","tag-music","tag-musique","tag-suisse"],"share_on_mastodon":{"url":"https:\/\/pubeurope.com\/@ch_fr\/117210395668334775","error":""},"_links":{"self":[{"href":"https:\/\/www.europesays.com\/ch-fr\/wp-json\/wp\/v2\/posts\/290757","targetHints":{"allow":["GET"]}}],"collection":[{"href":"https:\/\/www.europesays.com\/ch-fr\/wp-json\/wp\/v2\/posts"}],"about":[{"href":"https:\/\/www.europesays.com\/ch-fr\/wp-json\/wp\/v2\/types\/post"}],"author":[{"embeddable":true,"href":"https:\/\/www.europesays.com\/ch-fr\/wp-json\/wp\/v2\/users\/2"}],"replies":[{"embeddable":true,"href":"https:\/\/www.europesays.com\/ch-fr\/wp-json\/wp\/v2\/comments?post=290757"}],"version-history":[{"count":0,"href":"https:\/\/www.europesays.com\/ch-fr\/wp-json\/wp\/v2\/posts\/290757\/revisions"}],"wp:featuredmedia":[{"embeddable":true,"href":"https:\/\/www.europesays.com\/ch-fr\/wp-json\/wp\/v2\/media\/290758"}],"wp:attachment":[{"href":"https:\/\/www.europesays.com\/ch-fr\/wp-json\/wp\/v2\/media?parent=290757"}],"wp:term":[{"taxonomy":"category","embeddable":true,"href":"https:\/\/www.europesays.com\/ch-fr\/wp-json\/wp\/v2\/categories?post=290757"},{"taxonomy":"post_tag","embeddable":true,"href":"https:\/\/www.europesays.com\/ch-fr\/wp-json\/wp\/v2\/tags?post=290757"}],"curies":[{"name":"wp","href":"https:\/\/api.w.org\/{rel}","templated":true}]}}