{"id":290761,"date":"2026-09-04T02:28:23","date_gmt":"2026-09-04T02:28:23","guid":{"rendered":"https:\/\/www.europesays.com\/ch-fr\/290761\/"},"modified":"2026-09-04T02:28:23","modified_gmt":"2026-09-04T02:28:23","slug":"xiaomi-18-fold-publication-dexemples-de-photos-prises-avec-lappareil-photo","status":"publish","type":"post","link":"https:\/\/www.europesays.com\/ch-fr\/290761\/","title":{"rendered":"Xiaomi 18 Fold : publication d&rsquo;exemples de photos prises avec l&rsquo;appareil photo"},"content":{"rendered":"<p class=\"bodytext\">Les exemples sugg\u00e8rent que Xiaomi a opt\u00e9 pour une approche relativement mod\u00e9r\u00e9e du traitement d\u2019image, par opposition \u00e0 un \u00e9claircissement agressif. Les tons chauds semblent fid\u00e8les, tandis que les zones plus sombres conservent de nombreux d\u00e9tails sans bruit ni artefacts visibles. Les zones claires sont \u00e9galement assez bien ma\u00eetris\u00e9es, tandis qu\u2019un autre \u00e9chantillon laisse d\u00e9lib\u00e9r\u00e9ment une grande partie du cadre plus sombre plut\u00f4t que d\u2019\u00e9claircir de mani\u00e8re excessive les ombres. Un recadrage au 2x \u00e0 partir du capteur principal (ci-dessus, en haut \u00e0 gauche) conserve un niveau de d\u00e9tail consid\u00e9rable, tandis qu\u2019un \u00e9chantillon de portrait pris \u00e0 100 mm (ci-dessus, en bas \u00e0 gauche) pr\u00e9sente un rendu d\u00e9taill\u00e9 et des tons de peau qui semblent fid\u00e8les.<br \/>\u00a0<\/p>\n","protected":false},"excerpt":{"rendered":"Les exemples sugg\u00e8rent que Xiaomi a opt\u00e9 pour une approche relativement mod\u00e9r\u00e9e du traitement d\u2019image, par opposition \u00e0&hellip;\n","protected":false},"author":2,"featured_media":290762,"comment_status":"","ping_status":"","sticky":false,"template":"","format":"standard","meta":{"footnotes":"","_share_on_mastodon":"0"},"categories":[7],"tags":[272,13505,25368,63319,3299,19553,74,5290,39812,63321,70,27747,755,5299,5070,27141,72,71,61,57,59,58,39065,273,23,63320,60,62,25033,73,50735,4081],"class_list":["post-290761","post","type-post","status-publish","format-standard","has-post-thumbnail","category-sciences-et-technologies","tag-android","tag-appareil-photo","tag-capteur","tag-exemples","tag-fuite","tag-imagerie","tag-informations-sur-des-ordinateurs-portatifs","tag-lancement","tag-leica","tag-megapixels","tag-nouvelles","tag-periscope","tag-photographie","tag-pliable","tag-portrait","tag-produit-phare","tag-rapport","tag-revues","tag-science","tag-science-and-technology","tag-sciences","tag-sciences-et-technologies","tag-septembre","tag-smartphone","tag-suisse","tag-summilux","tag-technologies","tag-technology","tag-teleobjectif","tag-test","tag-ultra-grand-angle","tag-xiaomi"],"share_on_mastodon":{"url":"https:\/\/pubeurope.com\/@ch_fr\/117210415574639852","error":""},"_links":{"self":[{"href":"https:\/\/www.europesays.com\/ch-fr\/wp-json\/wp\/v2\/posts\/290761","targetHints":{"allow":["GET"]}}],"collection":[{"href":"https:\/\/www.europesays.com\/ch-fr\/wp-json\/wp\/v2\/posts"}],"about":[{"href":"https:\/\/www.europesays.com\/ch-fr\/wp-json\/wp\/v2\/types\/post"}],"author":[{"embeddable":true,"href":"https:\/\/www.europesays.com\/ch-fr\/wp-json\/wp\/v2\/users\/2"}],"replies":[{"embeddable":true,"href":"https:\/\/www.europesays.com\/ch-fr\/wp-json\/wp\/v2\/comments?post=290761"}],"version-history":[{"count":0,"href":"https:\/\/www.europesays.com\/ch-fr\/wp-json\/wp\/v2\/posts\/290761\/revisions"}],"wp:featuredmedia":[{"embeddable":true,"href":"https:\/\/www.europesays.com\/ch-fr\/wp-json\/wp\/v2\/media\/290762"}],"wp:attachment":[{"href":"https:\/\/www.europesays.com\/ch-fr\/wp-json\/wp\/v2\/media?parent=290761"}],"wp:term":[{"taxonomy":"category","embeddable":true,"href":"https:\/\/www.europesays.com\/ch-fr\/wp-json\/wp\/v2\/categories?post=290761"},{"taxonomy":"post_tag","embeddable":true,"href":"https:\/\/www.europesays.com\/ch-fr\/wp-json\/wp\/v2\/tags?post=290761"}],"curies":[{"name":"wp","href":"https:\/\/api.w.org\/{rel}","templated":true}]}}