{"id":290777,"date":"2026-09-04T02:40:36","date_gmt":"2026-09-04T02:40:36","guid":{"rendered":"https:\/\/www.europesays.com\/ch-fr\/290777\/"},"modified":"2026-09-04T02:40:36","modified_gmt":"2026-09-04T02:40:36","slug":"rentree-culturelle-en-haute-vienne-le-musee-dart-contemporain","status":"publish","type":"post","link":"https:\/\/www.europesays.com\/ch-fr\/290777\/","title":{"rendered":"Rentr\u00e9e culturelle en Haute-Vienne : le Mus\u00e9e d\u2019art contemporain"},"content":{"rendered":"<p>                    Par<\/p>\n<p>            <a href=\"https:\/\/actu.fr\/auteur\/caroline-canault\" title=\"Consulter tous les articles de Agence de presse APEI\" rel=\"nofollow noopener\" target=\"_blank\">Agence de presse APEI<\/a><\/p>\n<p>        Publi\u00e9 le<\/p>\n<p>            2 sept. 2026 \u00e0 14h06        <\/p>\n<p>Actuellement et jusqu\u2019au 15\u00a0d\u00e9cembre 2026, le ch\u00e2teau de Rochechouart, Mus\u00e9e d\u2019art contemporain de la<a href=\"https:\/\/actu.fr\/nouvelle-aquitaine\/haute-vienne_87\" rel=\"nofollow noopener\" target=\"_blank\"> Haute-Vienne<\/a> propose l\u2019exposition <a href=\"https:\/\/musee-rochechouart.com\/exposition\/le-musee-en-mouvement\/\" rel=\"nofollow noopener\" target=\"_blank\">\u00ab\u2009Le mus\u00e9e en mouvement\u2009\u00bb<\/a>, entre mobilit\u00e9 des artistes, mouvement des corps et renouvellement des regards.<\/p>\n<p>Des territoires en mouvement<\/p>\n<p class=\" wall-content\">Depuis quatre d\u00e9cennies, le mus\u00e9e construit son histoire autour du mouvement.\u00a0Avec cette exposition, le lieu propose une exposition singuli\u00e8re, enti\u00e8rement pens\u00e9e et r\u00e9alis\u00e9e par ses agents. M\u00e9tiers scientifiques, m\u00e9diation, r\u00e9gie, conservation ou administration\u2009: les diff\u00e9rents savoir-faire du mus\u00e9e se croisent ici pour donner naissance \u00e0 un parcours collectif.<\/p>\n<p class=\" wall-content\">D\u00e9ploy\u00e9e sur plusieurs niveaux du ch\u00e2teau, l\u2019exposition joue \u00e9galement avec l\u2019architecture exceptionnelle du lieu, transformant ses espaces en autant de territoires d\u2019exp\u00e9rimentation et de d\u00e9couverte.<\/p>\n<p>Raoul Hausmann, un artiste aux mille visages<\/p>\n<p class=\" wall-content\">Au premier \u00e9tage, \u00ab\u2009Raoul Hausmann \u2013 L\u2019homme-orchestre\u2009\u00bb incarne \u00e0 lui seul cette id\u00e9e de mobilit\u00e9. Figure majeure de l\u2019avant-garde europ\u00e9enne et du mouvement dada, l\u2019artiste s\u2019est illustr\u00e9 par une pratique particuli\u00e8rement prot\u00e9iforme.<\/p>\n<p class=\" wall-content\">Photographie, collage, po\u00e9sie, assemblage, \u00e9criture\u2009: Raoul Hausmann ne s\u2019est jamais laiss\u00e9 enfermer dans une seule discipline. Son \u0153uvre appara\u00eet ainsi comme celle d\u2019un cr\u00e9ateur en perp\u00e9tuel d\u00e9placement, aussi bien physique qu\u2019artistique.<\/p>\n<p class=\" wall-content\">Cette exposition consacr\u00e9e \u00e0 l\u2019artiste fait \u00e9cho au th\u00e8me g\u00e9n\u00e9ral du parcours\u2009: celui d\u2019une cr\u00e9ation qui refuse l\u2019immobilit\u00e9 et se r\u00e9invente sans cesse.<\/p>\n<p>Le corps, le temps et l\u2019espace en mouvement<\/p>\n<p class=\" wall-content\">Au deuxi\u00e8me \u00e9tage et dans le grenier, les \u0153uvres issues des collections du mus\u00e9e proposent une autre lecture de cette notion de mouvement. Ici, pas de d\u00e9monstration spectaculaire\u2009: le parcours s\u2019attache davantage aux d\u00e9placements subtils du corps, du regard et de la perception.<\/p>\n<p class=\" wall-content\">Les \u0153uvres invitent \u00e0 observer les transformations de l\u2019espace, les traces du temps, les jeux de mati\u00e8re et les d\u00e9placements du regard. Une mani\u00e8re de rappeler que le mouvement peut aussi \u00eatre int\u00e9rieur, silencieux, presque imperceptible.<\/p>\n<p class=\" wall-content\">Le visiteur est ainsi amen\u00e9 \u00e0 circuler physiquement dans le ch\u00e2teau tout en faisant \u00e9voluer son propre regard au fil des \u0153uvres.<\/p>\n<p>Quatre jeunes artistes entrent dans la danse<\/p>\n<p class=\" wall-content\">Pour la premi\u00e8re fois en 2026, le mus\u00e9e rejoint le dispositif \u00ab\u2009Coup de pouce\u2009\u00bb, port\u00e9 par l\u2019\u00c9cole nationale sup\u00e9rieure d\u2019art et de design de Limoges (Ensad).<\/p>\n<p class=\" wall-content\">Cette initiative permet de mettre en lumi\u00e8re le travail de quatre jeunes artistes r\u00e9cemment dipl\u00f4m\u00e9s\u2009: Ana\u00efde Fontaine, Kor\u00e9 Lechat-Menard, Yishuan Shen et Leana Rocq.<\/p>\n<p class=\" wall-content\">Leurs recherches autour des jeux de mati\u00e8res, de la m\u00e9moire et des r\u00e9cits visuels entrent en r\u00e9sonance avec les \u0153uvres pr\u00e9sent\u00e9es dans l\u2019exposition. Elles dialoguent \u00e9galement avec l\u2019architecture singuli\u00e8re du ch\u00e2teau-mus\u00e9e, cr\u00e9ant des correspondances entre patrimoine, cr\u00e9ation contemporaine et nouvelles pratiques artistiques.<\/p>\n<p>Les Journ\u00e9es europ\u00e9ennes du patrimoine<\/p>\n<p class=\" wall-content\">Les 19 et 20\u00a0septembre 2026, le Mus\u00e9e d\u2019art contemporain de la Haute-Vienne proposera un programme exceptionnel \u00e0 l\u2019occasion des Journ\u00e9es europ\u00e9ennes du patrimoine, avec visites, ateliers et animations.<\/p>\n<p class=\" wall-content\">Caroline Canault.<\/p>\n<p class=\" wall-content\">Personnalisez votre actualit\u00e9 en ajoutant vos villes et m\u00e9dias en favori avec <a href=\"https:\/\/moncompte.actu.fr\" title=\"D\u00e9couvez Mon Actu\" rel=\"nofollow noopener\" data-trk=\"{&quot;cta&quot;:{&quot;action&quot;:&quot;https:\\\/\\\/moncompte.actu.fr&quot;,&quot;category&quot;:&quot;mon compte&quot;,&quot;from&quot;:&quot;article footer&quot;,&quot;name&quot;:&quot;Mon actu&quot;,&quot;type&quot;:&quot;cta&quot;}}\" target=\"_blank\">Mon Actu<\/a>.<\/p>\n","protected":false},"excerpt":{"rendered":"Par Agence de presse APEI Publi\u00e9 le 2 sept. 2026 \u00e0 14h06 Actuellement et jusqu\u2019au 15\u00a0d\u00e9cembre 2026, le&hellip;\n","protected":false},"author":2,"featured_media":290778,"comment_status":"","ping_status":"","sticky":false,"template":"","format":"standard","meta":{"footnotes":"","_share_on_mastodon":"0"},"categories":[14],"tags":[155,156,113,112,811,43419,1377,1165,23],"class_list":["post-290777","post","type-post","status-publish","format-standard","has-post-thumbnail","category-arts-et-design","tag-arts-and-design","tag-arts-et-design","tag-divertissement","tag-entertainment","tag-expositions","tag-journees-europeennes-du-patrimoine","tag-loisirs-culture","tag-patrimoine","tag-suisse"],"share_on_mastodon":{"url":"https:\/\/pubeurope.com\/@ch_fr\/117210462591959522","error":""},"_links":{"self":[{"href":"https:\/\/www.europesays.com\/ch-fr\/wp-json\/wp\/v2\/posts\/290777","targetHints":{"allow":["GET"]}}],"collection":[{"href":"https:\/\/www.europesays.com\/ch-fr\/wp-json\/wp\/v2\/posts"}],"about":[{"href":"https:\/\/www.europesays.com\/ch-fr\/wp-json\/wp\/v2\/types\/post"}],"author":[{"embeddable":true,"href":"https:\/\/www.europesays.com\/ch-fr\/wp-json\/wp\/v2\/users\/2"}],"replies":[{"embeddable":true,"href":"https:\/\/www.europesays.com\/ch-fr\/wp-json\/wp\/v2\/comments?post=290777"}],"version-history":[{"count":0,"href":"https:\/\/www.europesays.com\/ch-fr\/wp-json\/wp\/v2\/posts\/290777\/revisions"}],"wp:featuredmedia":[{"embeddable":true,"href":"https:\/\/www.europesays.com\/ch-fr\/wp-json\/wp\/v2\/media\/290778"}],"wp:attachment":[{"href":"https:\/\/www.europesays.com\/ch-fr\/wp-json\/wp\/v2\/media?parent=290777"}],"wp:term":[{"taxonomy":"category","embeddable":true,"href":"https:\/\/www.europesays.com\/ch-fr\/wp-json\/wp\/v2\/categories?post=290777"},{"taxonomy":"post_tag","embeddable":true,"href":"https:\/\/www.europesays.com\/ch-fr\/wp-json\/wp\/v2\/tags?post=290777"}],"curies":[{"name":"wp","href":"https:\/\/api.w.org\/{rel}","templated":true}]}}