{"id":290789,"date":"2026-09-04T02:48:24","date_gmt":"2026-09-04T02:48:24","guid":{"rendered":"https:\/\/www.europesays.com\/ch-fr\/290789\/"},"modified":"2026-09-04T02:48:24","modified_gmt":"2026-09-04T02:48:24","slug":"voici-pourquoi-le-mois-de-septembre-sannonce-pourri-boursorama","status":"publish","type":"post","link":"https:\/\/www.europesays.com\/ch-fr\/290789\/","title":{"rendered":"Voici pourquoi le mois de septembre s\u2019annonce pourri ! &#8211; Boursorama"},"content":{"rendered":"<p><a href=\"https:\/\/news.google.com\/rss\/articles\/CBMi3AFBVV95cUxQTlRMbmZmeUFBV1BZYWt1Y1YxUjNPWGRkWGdDeGN2ZHV4NFdCSzZGSU1lOUUxR1BFZ1ZEckxSMDJLbjJSMlNzX2d2NXpVSVpEMXlxUXNwdUFBY1BUUHVVNC15V18wSFdrNjZLS1F3MnI2V3RHbnlmOG1NRHhlRzZPcGlCUTFKZzY3c2pXV25OZ19ibTJDd0NsVnlUa3FYcndGQTBZOC1mcmRxTnRzdWVTRm12RDFQSGN2eXJtMUx1bzFJTUx2bVpERDFvVXJZVm9NS0F6TU1QSFNMRjRE0gHiAUFVX3lxTE55WXNOWVBKdXozSXhMMWtIQVJvWFdhamx2VDBaWHV0YWdrc2pQbVd1eWpibVlZTzVTLWl2dEtjQ1N2bG5oaU1LSTJVNzc1cjRpLTd2LXo0ZW5RazFzUlpFc3NPN0lPcHBTLXpEbm91MjlLSVQ4bW5ZQWFHTFlROFlxSHNjNV95dHJpWTVtcHBrYndFMzVlTmZXUGZYQnZaQk1kdUxILTBScHpVWng3TWphdVJmd1BEZy00ejJwNzE5aVJ3YzFybUhuVlI0TjZ6RjdKMnY4eXVzQlQtNHBoRHJvRHc?oc=5\" target=\"_blank\" rel=\"nofollow noopener\">Voici pourquoi le mois de septembre s\u2019annonce pourri !<\/a>&nbsp;&nbsp;Boursorama<a href=\"https:\/\/news.google.com\/rss\/articles\/CBMiuwFBVV95cUxOUTZSdE9EckhjVGVEdWZaZ0puR0g2VThqSFkzcUV6LVJ1eG1yYkt1R1dmSFFZOHdqaklyNjVxZGtacGk3ZmQ5dkV4ODRPUDd1ZlFJdEdBMW5zMXdMX0dob1VZd0JIM0hzRnNwNXlvUmN1cV9KT3BJVmVFbG8tbWc0czRVYk1qcEFCdzFOaTlPNkJZSzhaMGk0WU9UM3NBUzhnelZhbnhaZ2xYSHFqbEdfakhaRXdlZjFheUcw?oc=5\" target=\"_blank\" rel=\"nofollow noopener\">Wall Street, et la mal\u00e9diction du mois de septembre<\/a>&nbsp;&nbsp;Les Echos<a href=\"https:\/\/news.google.com\/rss\/articles\/CBMiiAFBVV95cUxOLVUyczhlY2hXUU0zcUVtR05ranROb3QwQ2ZLTndFSXREVTU0MXF5RTFiQUdaWmFsM3VPcm1TanhjZGJNakpoRklBYndEUmxCWmdLemcyek1kdWRnbWxsMHp5QlZwNHlORjFWNThoeVhYQ2xHMnVRTWMyamJCMHBzRXdGTzdyaWFQ?oc=5\" target=\"_blank\" rel=\"nofollow noopener\">Temp\u00eate de septembre<\/a>&nbsp;&nbsp;Zonebourse<a href=\"https:\/\/news.google.com\/rss\/articles\/CBMivgFBVV95cUxPNUZHaHU2bVpYeGJOVDJFYktfQU0yODRvMDV5MzJ5UWFxb2xLQjZfX1VZOEdPTkpSWTdVdndWMmktdEdSRENHY0V1eHBTZlJjSENxTjk4NDhqM0ttaFgyajNVcThhQUM3aktEOEpaVkVFMnUwWWZGUDRXNGlVWWRJSmVuWHlmTFJWTW4yVU9URHRGU2dZWTlpUUZZalRGQlFqYkd0Yk1vZ3FOWmVObE9nYjJWaVhuNzlienUwV3N3?oc=5\" target=\"_blank\" rel=\"nofollow noopener\">R\u00e9sum\u00e9 quotidien : l&rsquo;\u00e9t\u00e9 est termin\u00e9. Les march\u00e9s passent en mode \u00ab aversion au risque \u00bb<\/a>&nbsp;&nbsp;XTB.com<a href=\"https:\/\/news.google.com\/rss\/articles\/CBMitgFBVV95cUxNTzd2Z0ZKa25TbzBsbEVnVWdyVm8telA5eEpyb0FYT2hodzhwTk9acTdHYmlHTWc2TTFseS1kNkZJd1FPa055Q3pxN0c0VnpzWVRqYWVPSjI1R0VXQkhocmctQlhzemRBRFgzbThnSEVTenpOek82NXlwdUEyNlowV21wX2tBRk5qTkF4RW4tMlc5aThfM3dMdWF4RWRSZVVnRE1HMXJqNjYtbnk1cmFuSHlfaXhDQQ?oc=5\" target=\"_blank\" rel=\"nofollow noopener\">Les tensions sur les taux ont marqu\u00e9 un mois d\u2019ao\u00fbt favorable aux actions<\/a>&nbsp;&nbsp;L&rsquo;Agefi<\/p>\n","protected":false},"excerpt":{"rendered":"Voici pourquoi le mois de septembre s\u2019annonce pourri !&nbsp;&nbsp;BoursoramaWall Street, et la mal\u00e9diction du mois de septembre&nbsp;&nbsp;Les EchosTemp\u00eate&hellip;\n","protected":false},"author":2,"featured_media":290790,"comment_status":"","ping_status":"","sticky":false,"template":"","format":"standard","meta":{"footnotes":"","_share_on_mastodon":"0"},"categories":[6],"tags":[48,46,56,45,53,44,43,51,50,47,52,49,23,54,55],"class_list":["post-290789","post","type-post","status-publish","format-standard","has-post-thumbnail","category-economie","tag-action-cac-40","tag-bourse-de-paris","tag-boursorama","tag-business","tag-cotations","tag-economie","tag-economy","tag-indices-devises","tag-investir","tag-investissement","tag-marche-boursier","tag-sicav","tag-suisse","tag-trackers","tag-warrants"],"share_on_mastodon":{"url":"https:\/\/pubeurope.com\/@ch_fr\/117210494503456133","error":""},"_links":{"self":[{"href":"https:\/\/www.europesays.com\/ch-fr\/wp-json\/wp\/v2\/posts\/290789","targetHints":{"allow":["GET"]}}],"collection":[{"href":"https:\/\/www.europesays.com\/ch-fr\/wp-json\/wp\/v2\/posts"}],"about":[{"href":"https:\/\/www.europesays.com\/ch-fr\/wp-json\/wp\/v2\/types\/post"}],"author":[{"embeddable":true,"href":"https:\/\/www.europesays.com\/ch-fr\/wp-json\/wp\/v2\/users\/2"}],"replies":[{"embeddable":true,"href":"https:\/\/www.europesays.com\/ch-fr\/wp-json\/wp\/v2\/comments?post=290789"}],"version-history":[{"count":0,"href":"https:\/\/www.europesays.com\/ch-fr\/wp-json\/wp\/v2\/posts\/290789\/revisions"}],"wp:featuredmedia":[{"embeddable":true,"href":"https:\/\/www.europesays.com\/ch-fr\/wp-json\/wp\/v2\/media\/290790"}],"wp:attachment":[{"href":"https:\/\/www.europesays.com\/ch-fr\/wp-json\/wp\/v2\/media?parent=290789"}],"wp:term":[{"taxonomy":"category","embeddable":true,"href":"https:\/\/www.europesays.com\/ch-fr\/wp-json\/wp\/v2\/categories?post=290789"},{"taxonomy":"post_tag","embeddable":true,"href":"https:\/\/www.europesays.com\/ch-fr\/wp-json\/wp\/v2\/tags?post=290789"}],"curies":[{"name":"wp","href":"https:\/\/api.w.org\/{rel}","templated":true}]}}