{"id":290813,"date":"2026-09-04T03:12:16","date_gmt":"2026-09-04T03:12:16","guid":{"rendered":"https:\/\/www.europesays.com\/ch-fr\/290813\/"},"modified":"2026-09-04T03:12:16","modified_gmt":"2026-09-04T03:12:16","slug":"triple-infanticide-aux-etats-unis-retrait-dun-jure-demande","status":"publish","type":"post","link":"https:\/\/www.europesays.com\/ch-fr\/290813\/","title":{"rendered":"Triple infanticide aux Etats-Unis: retrait d&rsquo;un jur\u00e9 demand\u00e9"},"content":{"rendered":"<p class=\"wysiwyg-h2\">La d\u00e9fense d&rsquo;une m\u00e8re am\u00e9ricaine accus\u00e9e d&rsquo;avoir tu\u00e9 ses trois enfants dans une affaire tr\u00e8s m\u00e9diatis\u00e9e, a demand\u00e9 jeudi le retrait d&rsquo;un des jur\u00e9s qui, selon elle, emp\u00eache le jury d&rsquo;aboutir \u00e0 un verdict. Les jur\u00e9s d\u00e9lib\u00e8rent depuis six jours.<\/p>\n<p>L&rsquo;accus\u00e9e encourt la prison \u00e0 vie pour le meurtre par strangulation de ses enfants de cinq ans, trois ans et huit mois.<\/p>\n<p>Lindsay Clancy, qui est en fauteuil roulant depuis sa tentative de suicide apr\u00e8s le triple infanticide, reconna\u00eet les faits, mais plaide non coupable. Sa d\u00e9fense avance qu&rsquo;elle souffrait de psychose post-partum au moment des faits et qu&rsquo;elle n&rsquo;\u00e9tait pas responsable p\u00e9nalement. Selon elle, une voix lui aurait ordonn\u00e9 de tuer ses enfants.<\/p>\n<p>L&rsquo;argument est rejet\u00e9 par l&rsquo;accusation, qui soutient qu&rsquo;elle avait planifi\u00e9 les meurtres et \u00e9tait capable de comprendre la port\u00e9e de son geste.<\/p>\n<p>Reprise des d\u00e9lib\u00e9rations vendredi<\/p>\n<p>Les jur\u00e9s s&rsquo;\u00e9taient vu octroyer mercredi une derni\u00e8re chance de s&rsquo;accorder sur un verdict apr\u00e8s avoir fait savoir \u00e0 deux reprises qu&rsquo;ils ne parvenaient pas \u00e0 &lsquo;rendre une d\u00e9cision unanime&rsquo;. L&rsquo;unanimit\u00e9 des 12 jur\u00e9s est requise pour atteindre un verdict.<\/p>\n<p>L&rsquo;avocat de l&rsquo;accus\u00e9e de 36 ans a demand\u00e9 jeudi le retrait d&rsquo;un jur\u00e9 qui, selon lui, &lsquo;refuse d&rsquo;\u00e9couter les instructions&rsquo; du juge et bloque le processus. Le juge charg\u00e9 de l&rsquo;affaire a refus\u00e9 cette demande, ordonnant aux jur\u00e9s de reprendre leurs d\u00e9lib\u00e9rations vendredi au tribunal de Plymouth (nord-est).<\/p>\n<p>Cette affaire a suscit\u00e9 un vif d\u00e9bat aux Etats-Unis sur la sant\u00e9 mentale des m\u00e8res. A la barre, psychiatres, proches ainsi que l&rsquo;ex-mari de l&rsquo;accus\u00e9e et p\u00e8re des enfants ont d\u00e9crit la d\u00e9tresse dans laquelle \u00e9tait plong\u00e9e la m\u00e8re de famille.<\/p>\n<p> \/ATS<\/p>\n","protected":false},"excerpt":{"rendered":"La d\u00e9fense d&rsquo;une m\u00e8re am\u00e9ricaine accus\u00e9e d&rsquo;avoir tu\u00e9 ses trois enfants dans une affaire tr\u00e8s m\u00e9diatis\u00e9e, a demand\u00e9&hellip;\n","protected":false},"author":2,"featured_media":290814,"comment_status":"","ping_status":"","sticky":false,"template":"","format":"standard","meta":{"footnotes":"","_share_on_mastodon":"0"},"categories":[4],"tags":[22,121,124,128,119,122,123,118,136,132,131,133,130,21,135,120,126,117,125,114,115,116,23,129,127,134],"class_list":["post-290813","post","type-post","status-publish","format-standard","has-post-thumbnail","category-actualites","tag-actualites","tag-ajoie","tag-animation","tag-bienne","tag-delemont","tag-franches-montagnes","tag-frequence","tag-jura","tag-jura-bernois","tag-la-chaux-de-fonds","tag-moutier","tag-neuchatel","tag-neuveville","tag-news","tag-payerne","tag-porrentruy","tag-publicite","tag-radio","tag-redaction","tag-rfj","tag-rjb","tag-rtn","tag-suisse","tag-tavannes","tag-vallon-de-st-imier","tag-yverdon"],"share_on_mastodon":{"url":"https:\/\/pubeurope.com\/@ch_fr\/117210588750200703","error":""},"_links":{"self":[{"href":"https:\/\/www.europesays.com\/ch-fr\/wp-json\/wp\/v2\/posts\/290813","targetHints":{"allow":["GET"]}}],"collection":[{"href":"https:\/\/www.europesays.com\/ch-fr\/wp-json\/wp\/v2\/posts"}],"about":[{"href":"https:\/\/www.europesays.com\/ch-fr\/wp-json\/wp\/v2\/types\/post"}],"author":[{"embeddable":true,"href":"https:\/\/www.europesays.com\/ch-fr\/wp-json\/wp\/v2\/users\/2"}],"replies":[{"embeddable":true,"href":"https:\/\/www.europesays.com\/ch-fr\/wp-json\/wp\/v2\/comments?post=290813"}],"version-history":[{"count":0,"href":"https:\/\/www.europesays.com\/ch-fr\/wp-json\/wp\/v2\/posts\/290813\/revisions"}],"wp:featuredmedia":[{"embeddable":true,"href":"https:\/\/www.europesays.com\/ch-fr\/wp-json\/wp\/v2\/media\/290814"}],"wp:attachment":[{"href":"https:\/\/www.europesays.com\/ch-fr\/wp-json\/wp\/v2\/media?parent=290813"}],"wp:term":[{"taxonomy":"category","embeddable":true,"href":"https:\/\/www.europesays.com\/ch-fr\/wp-json\/wp\/v2\/categories?post=290813"},{"taxonomy":"post_tag","embeddable":true,"href":"https:\/\/www.europesays.com\/ch-fr\/wp-json\/wp\/v2\/tags?post=290813"}],"curies":[{"name":"wp","href":"https:\/\/api.w.org\/{rel}","templated":true}]}}