{"id":290837,"date":"2026-09-04T03:38:15","date_gmt":"2026-09-04T03:38:15","guid":{"rendered":"https:\/\/www.europesays.com\/ch-fr\/290837\/"},"modified":"2026-09-04T03:38:15","modified_gmt":"2026-09-04T03:38:15","slug":"nina-est-ma-priorite-absolue-adriana-karembeu-a-finalement-obtenu-la-garde-partagee-de-sa-fille","status":"publish","type":"post","link":"https:\/\/www.europesays.com\/ch-fr\/290837\/","title":{"rendered":"\u00ab\u00a0Nina est ma priorit\u00e9 absolue\u00a0\u00bb\u2026 Adriana Karembeu a finalement obtenu la garde partag\u00e9e de sa fille"},"content":{"rendered":"<p>Elle peut enfin souffler\u00a0: le tribunal de premi\u00e8re instance de Monaco a en effet accord\u00e9 \u00e0 <a href=\"https:\/\/www.20minutes.fr\/dossier\/adriana_karembeu\" class=\"c-link c-link--is-underlined\" rel=\"nofollow noopener\" target=\"_blank\">Adriana Karembeu<\/a>, mercredi 2\u00a0septembre 2026, la garde partag\u00e9e de sa fille Nina, \u00e2g\u00e9e de 8 ans. L\u2019ancien mannequin se dit soulag\u00e9e par cette d\u00e9cision qui reconna\u00eet \u00ab\u00a0son r\u00f4le essentiel\u00a0\u00bb aupr\u00e8s de l\u2019enfant, rapporte <a href=\"https:\/\/www.parismatch.com\/People\/je-continuerai-de-me-battre-pour-elle-victoire-au-tribunal-pour-adriana-karembeu-et-sa-fille-nina-275100\" target=\"_blank\" class=\"c-link c-link--is-underlined\" rel=\"nofollow noopener\">Paris Match<\/a>.<\/p>\n<p>Cette d\u00e9cision fait suite <a href=\"https:\/\/www.20minutes.fr\/arts-stars\/people\/4231984-20260630-adriana-karembeu-enquete-visant-ex-mannequin-soustraction-obligations-parentales-classee-suite\" class=\"c-link c-link--is-underlined\" rel=\"nofollow noopener\" target=\"_blank\">au classement sans suite<\/a>, fin juin, du signalement d\u00e9pos\u00e9 par le p\u00e8re de Nina, Aram Ohanian, contre sa c\u00e9l\u00e8bre ex-compagne. Ce dernier l\u2019accusait notamment de soustraction aux obligations parentales et d\u2019avoir <a href=\"https:\/\/www.20minutes.fr\/arts-stars\/people\/4214832-20260324-adriana-karembeu-pere-fille-nina-accuse-ex-mannequin-corruption-mineure\" class=\"c-link c-link--is-underlined\" rel=\"nofollow noopener\" target=\"_blank\">expos\u00e9 l\u2019enfant \u00e0 des contenus \u00e0 caract\u00e8re sexuel<\/a>\u2026<\/p>\n<p>Une maman soulag\u00e9e<\/p>\n<p>Dans un r\u00e9cent communiqu\u00e9, Adriana Karembeu d\u00e9nonce de \u00ab\u00a0vaines tentatives d\u2019intimidation, de d\u00e9stabilisation et de mensonges op\u00e9r\u00e9es au pr\u00e9judice de [sa] vie priv\u00e9e\u00a0\u00bb. Elle affirme avoir toujours plac\u00e9 le bien-\u00eatre de sa fille au c\u0153ur de ses d\u00e9cisions. \u00ab\u00a0Nina est ma priorit\u00e9 absolue\u00a0\u00bb, insiste-t-elle, la <a href=\"https:\/\/www.20minutes.fr\/justice\/\" class=\"c-link c-link--is-underlined\" rel=\"nofollow noopener\" target=\"_blank\">justice<\/a> confirmant sa \u00ab\u00a0place pleine et enti\u00e8re\u00a0\u00bb aupr\u00e8s d\u2019elle.<\/p>\n<p><a href=\"https:\/\/www.20minutes.fr\/dossier\/adriana_karembeu\" class=\"c-link c-btn c-btn--primary\" rel=\"nofollow noopener\" target=\"_blank\">Toute l&rsquo;actualit\u00e9 d&rsquo;Adriana Karembeu<\/a><\/p>\n<p>Mais <a href=\"https:\/\/www.20minutes.fr\/arts-stars\/people\/4222176-20260506-conflit-familial-bras-fer-judiciaire-resume-affaire-adriana-karembeu\" class=\"c-link c-link--is-underlined\" rel=\"nofollow noopener\" target=\"_blank\">la bataille judiciaire<\/a> n\u2019est pas close pour autant, puisqu\u2019Aram Ohanian <a href=\"https:\/\/www.20minutes.fr\/justice\/4232773-20260703-adriana-karembeu-mari-depose-plainte-contre-marc-lavoine\" class=\"c-link c-link--is-underlined\" rel=\"nofollow noopener\" target=\"_blank\">a d\u00e9pos\u00e9 plainte d\u00e9but juillet<\/a> pour divers chefs d\u2019accusation graves (notamment pour manquement aux obligations l\u00e9gales et corruption de mineur). Et une proc\u00e9dure parall\u00e8le, pour \u00ab\u00a0soustraction aux obligations parentales\u00a0\u00bb, a \u00e9galement \u00e9t\u00e9 lanc\u00e9e au <a href=\"https:\/\/www.20minutes.fr\/dossier\/maroc\" class=\"c-link c-link--is-underlined\" rel=\"nofollow noopener\" target=\"_blank\">Maroc<\/a>, o\u00f9 r\u00e9side et est scolaris\u00e9e la fillette.<\/p>\n","protected":false},"excerpt":{"rendered":"Elle peut enfin souffler\u00a0: le tribunal de premi\u00e8re instance de Monaco a en effet accord\u00e9 \u00e0 Adriana Karembeu,&hellip;\n","protected":false},"author":2,"featured_media":290838,"comment_status":"","ping_status":"","sticky":false,"template":"","format":"standard","meta":{"footnotes":"","_share_on_mastodon":"0"},"categories":[15],"tags":[3503,158,157,113,164,112,39,13309,13058,9223,159,23],"class_list":["post-290837","post","type-post","status-publish","format-standard","has-post-thumbnail","category-people","tag-adriana-karembeu","tag-celebrities","tag-celebrity","tag-divertissement","tag-enfant","tag-entertainment","tag-justice","tag-mannequin","tag-marc-lavoine","tag-maroc","tag-people","tag-suisse"],"share_on_mastodon":{"url":"https:\/\/pubeurope.com\/@ch_fr\/117210690769032614","error":""},"_links":{"self":[{"href":"https:\/\/www.europesays.com\/ch-fr\/wp-json\/wp\/v2\/posts\/290837","targetHints":{"allow":["GET"]}}],"collection":[{"href":"https:\/\/www.europesays.com\/ch-fr\/wp-json\/wp\/v2\/posts"}],"about":[{"href":"https:\/\/www.europesays.com\/ch-fr\/wp-json\/wp\/v2\/types\/post"}],"author":[{"embeddable":true,"href":"https:\/\/www.europesays.com\/ch-fr\/wp-json\/wp\/v2\/users\/2"}],"replies":[{"embeddable":true,"href":"https:\/\/www.europesays.com\/ch-fr\/wp-json\/wp\/v2\/comments?post=290837"}],"version-history":[{"count":0,"href":"https:\/\/www.europesays.com\/ch-fr\/wp-json\/wp\/v2\/posts\/290837\/revisions"}],"wp:featuredmedia":[{"embeddable":true,"href":"https:\/\/www.europesays.com\/ch-fr\/wp-json\/wp\/v2\/media\/290838"}],"wp:attachment":[{"href":"https:\/\/www.europesays.com\/ch-fr\/wp-json\/wp\/v2\/media?parent=290837"}],"wp:term":[{"taxonomy":"category","embeddable":true,"href":"https:\/\/www.europesays.com\/ch-fr\/wp-json\/wp\/v2\/categories?post=290837"},{"taxonomy":"post_tag","embeddable":true,"href":"https:\/\/www.europesays.com\/ch-fr\/wp-json\/wp\/v2\/tags?post=290837"}],"curies":[{"name":"wp","href":"https:\/\/api.w.org\/{rel}","templated":true}]}}