{"id":290843,"date":"2026-09-04T03:41:23","date_gmt":"2026-09-04T03:41:23","guid":{"rendered":"https:\/\/www.europesays.com\/ch-fr\/290843\/"},"modified":"2026-09-04T03:41:23","modified_gmt":"2026-09-04T03:41:23","slug":"a-rock-en-seine-deux-concerts-historiques-mais-lequel-pour-leternite","status":"publish","type":"post","link":"https:\/\/www.europesays.com\/ch-fr\/290843\/","title":{"rendered":"\u00c0 Rock en Seine, deux concerts historiques, mais lequel pour l\u2019\u00e9ternit\u00e9\u00a0?"},"content":{"rendered":"<p>Quand l\u2019IA et les hologrammes auront pris le pouvoir, on partira \u00e0 la recherche de musiciens dou\u00e9s capables de nous \u00e9tonner avec quelque chose de tr\u00e8s original et incarn\u00e9 en live. \u00c0 Rock en Seine, pendant trois jours, on a vu des artistes avec de la personnalit\u00e9, m\u00eame si pas toujours des leaders de mouvements. Cela s\u2019est particuli\u00e8rement v\u00e9rifi\u00e9 dimanche, o\u00f9 on avait parfois l\u2019impression que tous les chemins menaient \u00e0 The Cure.<\/p>\n<p>&#13;<br \/>\n&#13;<\/p>\n<p>&#13;<br \/>\n&#13;<\/p>\n<p>\n  <img decoding=\"async\" data-copyright=\"Photo Olivier Hoffschir\" class=\"r-img\"  typeof=\"foaf:Image\" src=\"https:\/\/www.europesays.com\/ch-fr\/wp-content\/uploads\/2026\/09\/99774368.jpeg\" alt=\"Wilco, si soign\u00e9 et surprenant\"\/>Wilco, si soign\u00e9 et surprenant &#8211; Photo Olivier Hoffschir\n<\/p>\n<p>On ne va pas vous infliger un compte rendu des vingt concerts live (chiffre exact) que l\u2019on a vus durant ces trois jours, mais vous dire plusieurs choses qui nous tiennent \u00e0 c\u0153ur. D\u2019abord, si un jour Wilco passe pr\u00e8s \u2013 ou m\u00eame loin \u2013 de chez vous, courez-y. Sur disque, la country folk des Am\u00e9ricains est tr\u00e8s construite, ouvrag\u00e9e et presque c\u00e9r\u00e9brale. Sur sc\u00e8ne, le groupe men\u00e9 par Jeff Tweedy reste d\u2019une grande sobri\u00e9t\u00e9, mais on a l\u2019impression de voir chaque chanson se d\u00e9construire sous le feu des d\u00e9flagrations sonores et des guitares tritur\u00e9es. Sans jamais perdre le fil\u00a0: le concert reste d\u2019un \u00e9quilibre parfait.<\/p>\n<p>&#13;<br \/>\n&#13;<\/p>\n<p>\n  <img decoding=\"async\" data-copyright=\"Photo Olivier Hoffschir\" class=\"r-img\"  typeof=\"foaf:Image\" src=\"https:\/\/www.europesays.com\/ch-fr\/wp-content\/uploads\/2026\/09\/99774400.jpeg\" alt=\"Sparks, l\u00e9gendaire.\"\/>Sparks, l\u00e9gendaire. &#8211; Photo Olivier Hoffschir\n<\/p>\n<p>Autre moment m\u00e9morable, le concert des Sparks. Les fr\u00e8res Mael ont une influence majeure dans la musique\u00a0: ils ont inspir\u00e9 des artistes aussi divers que Queen, David Bowie, Daft Punk ou Franz Ferdinand. Mais leur influence ne dit pas tout de leur singularit\u00e9. Sur sc\u00e8ne, le contraste est saisissant entre Russell, 76 ans, tout de rose v\u00eatu et arpentant la sc\u00e8ne, et Ron, son a\u00een\u00e9, 82 ans, fine moustache et danse m\u00e9canique. Deux personnages \u00e9chapp\u00e9s d\u2019un film de Wes Anderson ou du th\u00e9\u00e2tre kabuki. Et surtout deux musiciens qui, apr\u00e8s pr\u00e8s de soixante ans de carri\u00e8re, continuent de ne ressembler \u00e0 personne.<\/p>\n<p>&#13;<br \/>\n&#13;<\/p>\n<p>&#13;<br \/>\n&#13;<\/p>\n<p>\n  <img decoding=\"async\" data-copyright=\"Photo Antoine Jussaud\" class=\"r-img\"  typeof=\"foaf:Image\" src=\"https:\/\/www.europesays.com\/ch-fr\/wp-content\/uploads\/2026\/09\/99774477.jpeg\" alt=\"Le hip-hop US \u00e0 l\u2019ancienne de Clipse.\"\/>Le hip-hop US \u00e0 l\u2019ancienne de Clipse. &#8211; Photo Antoine Jussaud\n<\/p>\n<p>Et puis, de ces trois jours, on retiendra p\u00eale-m\u00eale la qualit\u00e9 d\u2019interpr\u00e9tation et le plaisir de jouer des Black Keys, qui sont d\u00e9cid\u00e9ment deux musiciens et deux chanteurs tr\u00e8s dou\u00e9s. Le flow du duo Clipse, avec leur backer tr\u00e8s pr\u00e9sent, et l\u2019\u00e9nergie de Turnstile, avec ce que \u00e7a a pu d\u00e9clencher dans le public. Le choix de les faire jouer sur la deuxi\u00e8me sc\u00e8ne nous est m\u00eame apparu un pari risqu\u00e9 tant l\u2019attente \u00e9tait forte, mais r\u00e9ussi car cela a renforc\u00e9 le caract\u00e8re euphorisant du moment. Leur hardcore \u00ab\u00a0feel good\u00a0\u00bb team skatepark est bondissant, mais il pourra laisser indiff\u00e9rents ceux qui pr\u00e9f\u00e8rent au rock son danger et sa puissance intrins\u00e8que, de l\u2019ordre de Nirvana.<\/p>\n<p>\n  <img decoding=\"async\" data-copyright=\"Photo Antoine Jussaud\" class=\"r-img\"  typeof=\"foaf:Image\" src=\"https:\/\/www.europesays.com\/ch-fr\/wp-content\/uploads\/2026\/09\/99774498.jpeg\" alt=\"Les bondissants Turnstile ont mis un feu\u2026\"\/>Les bondissants Turnstile ont mis un feu\u2026 &#8211; Photo Antoine Jussaud\n<\/p>\n<p>Exp\u00e9rience magique<\/p>\n<p>Vous avez lu le titre\u00a0? Nous y voil\u00e0, aux deux concerts que nous pensons historiques. Dans l\u2019ordre chronologique, il y a eu Nick Cave and The Bad Seeds, vendredi soir. C\u2019\u00e9tait notre deuxi\u00e8me fois en une semaine apr\u00e8s le Cabaret vert alors qu\u2019on n\u2019est pas du tout genre \u00e0 aller voir deux fois le m\u00eame film au cin\u00e9ma. Sur la plaine de Saint-Cloud, il y avait plus de monde et l\u2019effet goulot d\u2019\u00e9tranglement est nettement plus marqu\u00e9, on va en reparler. On est arriv\u00e9 au m\u00eame moment du concert qu\u2019\u00e0 Charleville-M\u00e9zi\u00e8res, mais <a href=\"https:\/\/www.lavoixdunord.fr\/instant\/1731999\/article\/2026-08-27\/un-week-end-trois-festivals-etape-1-le-cabaret-vert-et-la-claque-nick-cave\" target=\"_blank\" rel=\"nofollow noopener\">au Cabaret vert on s\u2019est retrouv\u00e9 au septi\u00e8me rang<\/a>, \u00e0 Rock en Seine au bas mot au soixante-dixi\u00e8me.<\/p>\n<p>&#13;<br \/>\n&#13;<\/p>\n<p>&#13;<br \/>\n&#13;<\/p>\n<p>&#13;<br \/>\n&#13;<\/p>\n<p>\n  <img decoding=\"async\" data-copyright=\"Photo Emilie Bardalou\" class=\"r-img\"  typeof=\"foaf:Image\" src=\"https:\/\/www.europesays.com\/ch-fr\/wp-content\/uploads\/2026\/09\/99774572.jpeg\" alt=\"Le ma\u00eetre a communi\u00e9.\"\/>Le ma\u00eetre a communi\u00e9. &#8211; Photo Emilie Bardalou\n<\/p>\n<p>L\u2019exp\u00e9rience fut malgr\u00e9 tout magique. Parce que toujours, avec eux,\u00a0c\u2019est la sainte trinit\u00e9\u00a0: la beaut\u00e9, la violence et la transe pouss\u00e9es jusqu\u2019\u00e0 l\u2019extase dans un savant dosage. Ce Nick Cave-l\u00e0, avec ce groupe-l\u00e0, nous a sembl\u00e9 toucher \u00e0 quelque chose qui ressemble \u00e0 la quintessence du live.<\/p>\n<p>Dans un \u00e9mouvant message publi\u00e9 \u00e0 l\u2019issue de ce qui \u00e9tait la derni\u00e8re date d\u2019une tourn\u00e9e notamment pass\u00e9e par les th\u00e9\u00e2tres antiques de N\u00eemes et de Vienne ou le stade de Brighton devant plus de 50 000 spectateurs, le saint patron des concerts a sugg\u00e9r\u00e9 qu\u2019il avait des id\u00e9es pour 2029. Dans trois ans\u00a0? Nick, s\u2019il te pla\u00eet, arr\u00eate, on ne tiendra pas.<\/p>\n<p>&#13;<br \/>\n&#13;<\/p>\n<p>\n  <img decoding=\"async\" data-copyright=\"Photo Marina Viguier\" class=\"r-img\"  typeof=\"foaf:Image\" src=\"https:\/\/www.europesays.com\/ch-fr\/wp-content\/uploads\/2026\/09\/99774696.jpeg\" alt=\"Robert Smith \u00e9tait dans une forme olympique.\"\/>Robert Smith \u00e9tait dans une forme olympique. &#8211; Photo Marina Viguier\n<\/p>\n<p>Deux jours plus tard, dimanche, nous devions nous consoler avec The Cure, autre groupe passionnel devant l\u2019\u00c9ternel. The Cure est aussi une histoire personnelle\u00a0: le premier grand concert de nos vies, le 10 novembre 1996 au Z\u00e9nith de Lille, quand nous avions 16 ans. Depuis, plus d\u2019un millier de concerts sont pass\u00e9s. Le concert \u00e9tait indiscutablement l\u2019\u00e9v\u00e9nement du week-end\u00a0: c\u2019\u00e9tait le seul soir complet. Surtout, The Cure semble avoir r\u00e9ussi quelque chose de rare pour un groupe de cette g\u00e9n\u00e9ration\u00a0: <a href=\"https:\/\/www.lavoixdunord.fr\/instant\/1733148\/article\/2026-08-31\/louane-devant-cure-rock-en-seine-emotion-autour-de-sa-reprise-de-boys-don-t-cry\" target=\"_blank\" rel=\"nofollow noopener\">attirer une jeunesse qui n\u2019a pas grandi avec lui<\/a>. La Gen Z n\u2019\u00e9tait certainement pas majoritaire, mais elle \u00e9tait visible, souvent maquill\u00e9e et look\u00e9e comme si elle avait rendez-vous avec Robert Smith depuis toujours.<\/p>\n<p>The Cure est, comme Nick Cave, adepte des concerts marathon de deux heures, deux heures trente, voire plus. Aux premi\u00e8res notes, mon voisin, fan ultime, qui \u00e9tait aux trois dates \u00e0 N\u00eemes en juillet, reconna\u00eet les premi\u00e8res notes d\u2019Alone et m\u2019annonce que le dernier morceau avant les rappels sera donc Endsong, le seul et unique titre du dernier album qu\u2019il jouera ce dimanche. \u00ab\u00a0C\u2019est toujours comme \u00e7a.\u00a0\u00bb Sur cette tourn\u00e9e, Robert et le groupe changeaient quelques morceaux chaque soir mais selon une m\u00e9canique bien huil\u00e9e.<\/p>\n<p>&#13;<br \/>\n&#13;<br \/>\nRobert Smith \u00e0 l\u2019offensive<\/p>\n<p><a href=\"https:\/\/www.lavoixdunord.fr\/632583\/article\/2019-09-03\/cabaret-vert-et-rock-en-seine-il-nous-fallu-une-semaine-pour-decanter-ce\" target=\"_blank\" rel=\"nofollow noopener\">Nous avions d\u00e9j\u00e0 vu The Cure \u00e0 Rock en Seine en 2019<\/a>, et la comparaison est frappante. Le concert de cette ann\u00e9e nous a sembl\u00e9 beaucoup plus rock, plus frontal, plus physique. En 2019, le groupe avait davantage explor\u00e9 les diff\u00e9rentes facettes de son r\u00e9pertoire, entre m\u00e9lancolie, atmosph\u00e8re, pop et d\u00e9flagrations rock. Cette fois, Robert Smith est \u00e0 l\u2019offensive, particuli\u00e8rement dans la premi\u00e8re partie\u00a0: apr\u00e8s\u00a0Alone,\u00a0Pictures of You,\u00a0High\u00a0et\u00a0Lovesong, l\u2019encha\u00eenement\u00a0Burn (la BO de The Crow),\u00a0Fascination Street,\u00a0Never Enough,\u00a0alt.end\u00a0est jou\u00e9 pied au plancher. Le batteur s\u2019en donne \u00e0 c\u0153ur joie, on a m\u00eame imagin\u00e9 Robert slamer (quand m\u00eame pas).<\/p>\n<p>\u00c0 Li\u00e9vin en 2022, o\u00f9 nous \u00e9tions \u00e9galement, le groupe avait propos\u00e9 quelque chose de beaucoup plus atmosph\u00e9rique, avec\u00a0And Nothing Is Forever,\u00a0A Fragile Thing,\u00a0Charlotte Sometimes\u00a0ou\u00a0Closedown, aux ambiances froides et feutr\u00e9es, tr\u00e8s introspectives. Cette fois, m\u00eame les morceaux que nous connaissons par c\u0153ur semblaient avoir \u00e9t\u00e9 pouss\u00e9s vers leur versant le plus physique. \u00c0 Li\u00e9vin, le final pop a pu para\u00eetre trop guilleret en contraste avec ce qu\u2019on venait d\u2019entendre, dimanche, il a apport\u00e9 une l\u00e9g\u00e8ret\u00e9 presque salutaire, respirante.<\/p>\n<p>Car ce fut un grand concert, retransmis en direct <a href=\"https:\/\/www.francetelevisions.fr\/et-vous\/notre-tele\/les-programmes-a-ne-pas-rater\/the-cure-en-direct-de-rock-en-seine-59437\" target=\"_blank\" rel=\"nofollow noopener\">sur France 4<\/a> et France Inter, mais venons-en au probl\u00e8me du monde. Perdre sa place dans la fosse pour assouvir un besoin naturel, c\u2019\u00e9tait l\u2019assurance de voir le reste du concert derri\u00e8re les arbres. Ok pour <a href=\"https:\/\/www.youtube.com\/watch?v=xik-y0xlpZ0\" target=\"_blank\" rel=\"nofollow noopener\">A Forest<\/a>, mais pas pour la for\u00eat d\u2019arbres devant l\u2019\u00e9cran g\u00e9ant.<\/p>\n<p>Tout comme pour Nick Cave, c\u2019\u00e9tait la derni\u00e8re date de la tourn\u00e9e de The Cure. On repart avec la certitude que l\u2019IA ne remplacera jamais de tels monuments ni l\u2019\u00e9motion qu\u2019ils peuvent procurer. Mais si l\u2019on veut encore vivre ces moments-l\u00e0, il faudrait peut-\u00eatre commencer par permettre au public de les vivre dans des conditions un minimum confortables. Et je ne parle pas seulement du son, qui \u00e9tait tr\u00e8s bon.<\/p>\n<p>Une grande partie du public est repartie de Rock en Seine avec le sentiment d\u2019avoir vu l\u2019un des concerts de sa vie. The Cure restera pour nous le concert d\u2019une histoire personnelle, commenc\u00e9e il y a trente ans. Une c\u00e9l\u00e9bration collective et nostalgique o\u00f9 l\u2019on a moins plan\u00e9 que d\u2019habitude. Mais vendredi, Nick Cave and The Bad Seeds ont fait mieux que nous rappeler pourquoi nous aimons les concerts\u00a0: ils nous ont donn\u00e9 le concert parfait. Pour l\u2019\u00e9ternit\u00e9.<\/p>\n","protected":false},"excerpt":{"rendered":"Quand l\u2019IA et les hologrammes auront pris le pouvoir, on partira \u00e0 la recherche de musiciens dou\u00e9s capables&hellip;\n","protected":false},"author":2,"featured_media":290844,"comment_status":"","ping_status":"","sticky":false,"template":"","format":"standard","meta":{"footnotes":"","_share_on_mastodon":"0"},"categories":[12],"tags":[113,112,140,141,23],"class_list":["post-290843","post","type-post","status-publish","format-standard","has-post-thumbnail","category-musique","tag-divertissement","tag-entertainment","tag-music","tag-musique","tag-suisse"],"share_on_mastodon":{"url":"https:\/\/pubeurope.com\/@ch_fr\/117210702884040838","error":""},"_links":{"self":[{"href":"https:\/\/www.europesays.com\/ch-fr\/wp-json\/wp\/v2\/posts\/290843","targetHints":{"allow":["GET"]}}],"collection":[{"href":"https:\/\/www.europesays.com\/ch-fr\/wp-json\/wp\/v2\/posts"}],"about":[{"href":"https:\/\/www.europesays.com\/ch-fr\/wp-json\/wp\/v2\/types\/post"}],"author":[{"embeddable":true,"href":"https:\/\/www.europesays.com\/ch-fr\/wp-json\/wp\/v2\/users\/2"}],"replies":[{"embeddable":true,"href":"https:\/\/www.europesays.com\/ch-fr\/wp-json\/wp\/v2\/comments?post=290843"}],"version-history":[{"count":0,"href":"https:\/\/www.europesays.com\/ch-fr\/wp-json\/wp\/v2\/posts\/290843\/revisions"}],"wp:featuredmedia":[{"embeddable":true,"href":"https:\/\/www.europesays.com\/ch-fr\/wp-json\/wp\/v2\/media\/290844"}],"wp:attachment":[{"href":"https:\/\/www.europesays.com\/ch-fr\/wp-json\/wp\/v2\/media?parent=290843"}],"wp:term":[{"taxonomy":"category","embeddable":true,"href":"https:\/\/www.europesays.com\/ch-fr\/wp-json\/wp\/v2\/categories?post=290843"},{"taxonomy":"post_tag","embeddable":true,"href":"https:\/\/www.europesays.com\/ch-fr\/wp-json\/wp\/v2\/tags?post=290843"}],"curies":[{"name":"wp","href":"https:\/\/api.w.org\/{rel}","templated":true}]}}