{"id":290879,"date":"2026-09-04T04:19:13","date_gmt":"2026-09-04T04:19:13","guid":{"rendered":"https:\/\/www.europesays.com\/ch-fr\/290879\/"},"modified":"2026-09-04T04:19:13","modified_gmt":"2026-09-04T04:19:13","slug":"julien-dore-un-moment-elegant-et-bienveillant-au-chant-du-gros","status":"publish","type":"post","link":"https:\/\/www.europesays.com\/ch-fr\/290879\/","title":{"rendered":"Julien Dor\u00e9, un moment \u00e9l\u00e9gant et bienveillant au Chant du Gros"},"content":{"rendered":"<p>Le Chant du Gros a un c\u00f4t\u00e9 t\u00e9l\u00e9crochet cette ann\u00e9e. La programmation de cette 34e \u00e9dition qui s\u2019est ouverte jeudi soir au Noirmont contient plusieurs artistes qui se sont r\u00e9v\u00e9l\u00e9s lors d\u2019\u00e9missions de t\u00e9l\u00e9vision. Matt Pokora, vainqueur de Popstars, et Helena, pass\u00e9e par la Star Academy seront sur les planches du festival franc-montagnard samedi. L\u00e9man a particip\u00e9 \u00e0 The Voice et il se produira vendredi, tout comme H\u00e9l\u00e8ne S\u00e9gara qui a \u00e9t\u00e9 membre du jury de La France a un incroyable talent. Julien Dor\u00e9 figure aussi sur cette liste. Le chanteur fran\u00e7ais avait remport\u00e9 Nouvelle Star en 2007. Il est mont\u00e9 sur la sc\u00e8ne principale du Chant du Gros jeudi soir pour la premi\u00e8re fois de sa carri\u00e8re.<\/p>\n<p>L\u2019artiste a enchain\u00e9 les titres pendant 1h30. Il s\u2019est mis le public dans la poche gr\u00e2ce \u00e0 son univers color\u00e9 et bienveillant. Son esprit d\u00e9cal\u00e9 a aussi fait mouche, comme lorsqu\u2019il a d\u00e9barqu\u00e9 sur sc\u00e8ne sur un scooter pilot\u00e9 par un panda g\u00e9ant, ou quand il a conclu son concert avec la comptine pour enfants \u00ab Ah les crocodiles \u00bb, en demandant aux spectateurs d\u2019entamer une chenille g\u00e9ante. La repr\u00e9sentation s\u2019est termin\u00e9e par une pluie de serpentins et sous les applaudissements nourris de la foule. \/nmy<\/p>\n","protected":false},"excerpt":{"rendered":"Le Chant du Gros a un c\u00f4t\u00e9 t\u00e9l\u00e9crochet cette ann\u00e9e. La programmation de cette 34e \u00e9dition qui s\u2019est&hellip;\n","protected":false},"author":2,"featured_media":290880,"comment_status":"","ping_status":"","sticky":false,"template":"","format":"standard","meta":{"footnotes":"","_share_on_mastodon":"0"},"categories":[10],"tags":[121,124,128,119,113,112,122,123,118,136,132,131,133,130,135,120,126,117,125,114,115,116,23,129,127,134],"class_list":["post-290879","post","type-post","status-publish","format-standard","has-post-thumbnail","category-divertissement","tag-ajoie","tag-animation","tag-bienne","tag-delemont","tag-divertissement","tag-entertainment","tag-franches-montagnes","tag-frequence","tag-jura","tag-jura-bernois","tag-la-chaux-de-fonds","tag-moutier","tag-neuchatel","tag-neuveville","tag-payerne","tag-porrentruy","tag-publicite","tag-radio","tag-redaction","tag-rfj","tag-rjb","tag-rtn","tag-suisse","tag-tavannes","tag-vallon-de-st-imier","tag-yverdon"],"share_on_mastodon":{"url":"https:\/\/pubeurope.com\/@ch_fr\/117210852085457229","error":""},"_links":{"self":[{"href":"https:\/\/www.europesays.com\/ch-fr\/wp-json\/wp\/v2\/posts\/290879","targetHints":{"allow":["GET"]}}],"collection":[{"href":"https:\/\/www.europesays.com\/ch-fr\/wp-json\/wp\/v2\/posts"}],"about":[{"href":"https:\/\/www.europesays.com\/ch-fr\/wp-json\/wp\/v2\/types\/post"}],"author":[{"embeddable":true,"href":"https:\/\/www.europesays.com\/ch-fr\/wp-json\/wp\/v2\/users\/2"}],"replies":[{"embeddable":true,"href":"https:\/\/www.europesays.com\/ch-fr\/wp-json\/wp\/v2\/comments?post=290879"}],"version-history":[{"count":0,"href":"https:\/\/www.europesays.com\/ch-fr\/wp-json\/wp\/v2\/posts\/290879\/revisions"}],"wp:featuredmedia":[{"embeddable":true,"href":"https:\/\/www.europesays.com\/ch-fr\/wp-json\/wp\/v2\/media\/290880"}],"wp:attachment":[{"href":"https:\/\/www.europesays.com\/ch-fr\/wp-json\/wp\/v2\/media?parent=290879"}],"wp:term":[{"taxonomy":"category","embeddable":true,"href":"https:\/\/www.europesays.com\/ch-fr\/wp-json\/wp\/v2\/categories?post=290879"},{"taxonomy":"post_tag","embeddable":true,"href":"https:\/\/www.europesays.com\/ch-fr\/wp-json\/wp\/v2\/tags?post=290879"}],"curies":[{"name":"wp","href":"https:\/\/api.w.org\/{rel}","templated":true}]}}