{"id":290901,"date":"2026-09-04T04:43:16","date_gmt":"2026-09-04T04:43:16","guid":{"rendered":"https:\/\/www.europesays.com\/ch-fr\/290901\/"},"modified":"2026-09-04T04:43:16","modified_gmt":"2026-09-04T04:43:16","slug":"negoce-petrolier-les-profits-de-guerre-renflouent-la-suisse","status":"publish","type":"post","link":"https:\/\/www.europesays.com\/ch-fr\/290901\/","title":{"rendered":"N\u00e9goce p\u00e9trolier: les profits de guerre renflouent la Suisse"},"content":{"rendered":"<p>La guerre au Moyen-Orient fait les affaires des g\u00e9ants du n\u00e9goce p\u00e9trolier bas\u00e9s en Suisse. Ces multinationales engrangent d&rsquo;importants b\u00e9n\u00e9fices, mais elles ne sont pas les seules \u00e0 en profiter. La Conf\u00e9d\u00e9ration voit ses recettes fiscales s&rsquo;envoler au point de revoir le budget 2027 \u00e0 la hausse.<\/p>\n<p>L&rsquo;ann\u00e9e 2026 s\u2019annonce d&rsquo;ores et d\u00e9j\u00e0 exceptionnelle pour les acteurs majeurs du secteur. En seulement six mois, le n\u00e9gociant Mercuria a d\u00e9gag\u00e9 un b\u00e9n\u00e9fice net de 900 millions. De son c\u00f4t\u00e9, Trafigura affiche un r\u00e9sultat de 3,3 milliards de francs sur la m\u00eame p\u00e9riode. Quant \u00e0 Gunvor, l&rsquo;entreprise a engrang\u00e9 en trois mois seulement des gains \u00e9quivalents \u00e0 la totalit\u00e9 de son exercice pr\u00e9c\u00e9dent.<\/p>\n<p>Ces chiffres record font aussi les affaires de la Conf\u00e9d\u00e9ration par le biais de l&rsquo;imp\u00f4t f\u00e9d\u00e9ral direct (IFD) sur le b\u00e9n\u00e9fice des soci\u00e9t\u00e9s. \u00ab\u00a0Plus le b\u00e9n\u00e9fice est haut, mieux c&rsquo;est pour les caisses de la Conf\u00e9d\u00e9ration\u00a0\u00bb, explique dans le 19h30 Robert Bachmann, expert en mati\u00e8res premi\u00e8res.<\/p>\n<p>Opacit\u00e9 des administrations<\/p>\n<p>Combien la Conf\u00e9d\u00e9ration va-t-elle toucher gr\u00e2ce au conflit dans le d\u00e9troit d&rsquo;Ormuz? Contact\u00e9e, l&rsquo;Administration f\u00e9d\u00e9rale des contributions (AFC) refuse de se prononcer, expliquant qu&rsquo;elle \u00ab\u00a0ne sait pas de quel montant d\u2019imp\u00f4ts le secteur s&rsquo;acquitte en temps normal, aucune ventilation des recettes de l\u2019imp\u00f4t sur le b\u00e9n\u00e9fice par branche \u00e9conomique n&rsquo;\u00e9tant disponible\u00a0\u00bb.<\/p>\n<p>M\u00eame constat du c\u00f4t\u00e9 de l\u2019Office f\u00e9d\u00e9ral de la statistique (OFS), qui assure ne pas disposer de ces donn\u00e9es, tandis que l&rsquo;Etat de Gen\u00e8ve, qui abrite le si\u00e8ge de la majorit\u00e9 de ces entreprises, renvoie la balle \u00e0 l&rsquo;administration f\u00e9d\u00e9rale.<\/p>\n<p>La RTS a donc d\u00e9cid\u00e9 de calculer les recettes fiscales directement li\u00e9es au conflit, avec l&rsquo;aide d&rsquo;un avocat fiscaliste.<\/p>\n<p>Des recettes fiscales inattendues<\/p>\n<p>En Suisse, les entreprises de n\u00e9goce sont soumises \u00e0 un taux d&rsquo;imposition cumul\u00e9 de 14,7% sur leur b\u00e9n\u00e9fice net (r\u00e9parti entre 8,5% pour l&rsquo;imp\u00f4t f\u00e9d\u00e9ral, 3,33% pour le canton et environ 2,87% pour la commune).<\/p>\n<p>Sur la base de ce calcul, au premier semestre 2026, la Conf\u00e9d\u00e9ration va donc toucher 132 millions de francs de la part de Mercuria, soit pr\u00e8s du double de l&rsquo;an dernier.Trafigura s&rsquo;acquittera de 485 millions, trois fois plus qu&rsquo;en 2025.<\/p>\n<p>Ces rentr\u00e9es fiscales impr\u00e9vues pourraient changer la donne pour les finances publiques. Le D\u00e9partement f\u00e9d\u00e9ral des finances (DFF), qui pr\u00e9voyait un d\u00e9ficit budg\u00e9taire, table d\u00e9sormais sur un surplus financier.<\/p>\n<p>&gt;&gt; Lire \u00e9galement \u00a0: <a href=\"https:\/\/www.rts.ch\/info\/suisse\/2026\/article\/la-confederation-prevoit-un-excedent-de-0-8-milliard-en-2026-29332285.html\" data-item-id=\"richtext_link\" rel=\"nofollow noopener\" target=\"_blank\">La Conf\u00e9d\u00e9ration pr\u00e9voit finalement un exc\u00e9dent de pr\u00e8s d&rsquo;un milliard pour 2026<\/a><\/p>\n<p class=\"sources\">Sujet TV: Charlotte Onfroy-Barrier<\/p>\n<p class=\"credit\">Adaptation web: lan<\/p>\n","protected":false},"excerpt":{"rendered":"La guerre au Moyen-Orient fait les affaires des g\u00e9ants du n\u00e9goce p\u00e9trolier bas\u00e9s en Suisse. Ces multinationales engrangent&hellip;\n","protected":false},"author":2,"featured_media":290902,"comment_status":"","ping_status":"","sticky":false,"template":"","format":"standard","meta":{"footnotes":"","_share_on_mastodon":"0"},"categories":[6],"tags":[735,45,1384,44,344,43,1235,40427,740,1996,20834,2241,9950,1773,4800,92,744,18588,23],"class_list":["post-290901","post","type-post","status-publish","format-standard","has-post-thumbnail","category-economie","tag-budget","tag-business","tag-conflit","tag-economie","tag-economie-et-finances","tag-economy","tag-energie-et-ressources","tag-entreprise-q483045328","tag-fiscalite","tag-guerre","tag-guerre-diran-de-2026","tag-impot","tag-industrie-du-gaz-et-du-petrole","tag-macro-economie","tag-moyen-orient","tag-politique","tag-politique-du-gouvernement","tag-profit","tag-suisse"],"share_on_mastodon":{"url":"https:\/\/pubeurope.com\/@ch_fr\/117210946337547116","error":""},"_links":{"self":[{"href":"https:\/\/www.europesays.com\/ch-fr\/wp-json\/wp\/v2\/posts\/290901","targetHints":{"allow":["GET"]}}],"collection":[{"href":"https:\/\/www.europesays.com\/ch-fr\/wp-json\/wp\/v2\/posts"}],"about":[{"href":"https:\/\/www.europesays.com\/ch-fr\/wp-json\/wp\/v2\/types\/post"}],"author":[{"embeddable":true,"href":"https:\/\/www.europesays.com\/ch-fr\/wp-json\/wp\/v2\/users\/2"}],"replies":[{"embeddable":true,"href":"https:\/\/www.europesays.com\/ch-fr\/wp-json\/wp\/v2\/comments?post=290901"}],"version-history":[{"count":0,"href":"https:\/\/www.europesays.com\/ch-fr\/wp-json\/wp\/v2\/posts\/290901\/revisions"}],"wp:featuredmedia":[{"embeddable":true,"href":"https:\/\/www.europesays.com\/ch-fr\/wp-json\/wp\/v2\/media\/290902"}],"wp:attachment":[{"href":"https:\/\/www.europesays.com\/ch-fr\/wp-json\/wp\/v2\/media?parent=290901"}],"wp:term":[{"taxonomy":"category","embeddable":true,"href":"https:\/\/www.europesays.com\/ch-fr\/wp-json\/wp\/v2\/categories?post=290901"},{"taxonomy":"post_tag","embeddable":true,"href":"https:\/\/www.europesays.com\/ch-fr\/wp-json\/wp\/v2\/tags?post=290901"}],"curies":[{"name":"wp","href":"https:\/\/api.w.org\/{rel}","templated":true}]}}