{"id":290949,"date":"2026-09-04T05:25:14","date_gmt":"2026-09-04T05:25:14","guid":{"rendered":"https:\/\/www.europesays.com\/ch-fr\/290949\/"},"modified":"2026-09-04T05:25:14","modified_gmt":"2026-09-04T05:25:14","slug":"systeme-patriot-echec-des-negociations-entre-berne-et-berlin","status":"publish","type":"post","link":"https:\/\/www.europesays.com\/ch-fr\/290949\/","title":{"rendered":"Syst\u00e8me Patriot: \u00e9chec des n\u00e9gociations entre Berne et Berlin"},"content":{"rendered":"<p class=\"wysiwyg-h2\">La livraison de syst\u00e8mes de d\u00e9fense antia\u00e9rienne Patriot \u00e0 la Suisse prend encore du retard. &lsquo;Les options envisag\u00e9es avec l&rsquo;Allemagne ont \u00e9chou\u00e9 et ne peuvent donc pas \u00eatre mises en \u0153uvre&rsquo;, a d\u00e9clar\u00e9 vendredi \u00e0 la SRF Urs Loher, responsable de l&rsquo;armement.<\/p>\n<p>M. Loher avait indiqu\u00e9 en juin \u00e0 la NZZ am Sonntag que les \u00c9tats-Unis veulent livrer \u00e0 l&rsquo;Allemagne des syst\u00e8mes Patriot destin\u00e9s \u00e0 la Suisse. Comme ils ne correspondent pas \u00e0 la configuration souhait\u00e9e par la Bundeswehr, l&rsquo;arm\u00e9e allemande, la Suisse esp\u00e9rait pouvoir obtenir certains composants.<\/p>\n<p>Mais cela ne se fera finalement pas, car l&rsquo;Allemagne a opt\u00e9 pour une livraison aussi rapide que possible, ajoute le responsable d&rsquo;armasuisse, l&rsquo;Office f\u00e9d\u00e9ral de l&rsquo;armement. Les Allemands &lsquo;veulent reconstituer au plus vite les stocks des syst\u00e8mes qu&rsquo;ils ont fournis \u00e0 l&rsquo;Ukraine, afin d&rsquo;assurer la protection de l&rsquo;Allemagne&rsquo;.<\/p>\n<p>Ce retard entra\u00eene une augmentation des co\u00fbts. &lsquo;Nous parlons d&rsquo;une fourchette comprise entre 1,7 et 4,3 milliards de francs&rsquo;, a fait savoir M. Loher. <\/p>\n<p> \/ATS<\/p>\n","protected":false},"excerpt":{"rendered":"La livraison de syst\u00e8mes de d\u00e9fense antia\u00e9rienne Patriot \u00e0 la Suisse prend encore du retard. &lsquo;Les options envisag\u00e9es&hellip;\n","protected":false},"author":2,"featured_media":290950,"comment_status":"","ping_status":"","sticky":false,"template":"","format":"standard","meta":{"footnotes":"","_share_on_mastodon":"0"},"categories":[20],"tags":[121,124,193,192,128,119,122,123,118,136,132,131,133,130,135,120,126,117,125,114,115,116,23,129,127,134],"class_list":["post-290949","post","type-post","status-publish","format-standard","has-post-thumbnail","category-berne","tag-ajoie","tag-animation","tag-bern","tag-berne","tag-bienne","tag-delemont","tag-franches-montagnes","tag-frequence","tag-jura","tag-jura-bernois","tag-la-chaux-de-fonds","tag-moutier","tag-neuchatel","tag-neuveville","tag-payerne","tag-porrentruy","tag-publicite","tag-radio","tag-redaction","tag-rfj","tag-rjb","tag-rtn","tag-suisse","tag-tavannes","tag-vallon-de-st-imier","tag-yverdon"],"share_on_mastodon":{"url":"https:\/\/pubeurope.com\/@ch_fr\/117211111505589776","error":""},"_links":{"self":[{"href":"https:\/\/www.europesays.com\/ch-fr\/wp-json\/wp\/v2\/posts\/290949","targetHints":{"allow":["GET"]}}],"collection":[{"href":"https:\/\/www.europesays.com\/ch-fr\/wp-json\/wp\/v2\/posts"}],"about":[{"href":"https:\/\/www.europesays.com\/ch-fr\/wp-json\/wp\/v2\/types\/post"}],"author":[{"embeddable":true,"href":"https:\/\/www.europesays.com\/ch-fr\/wp-json\/wp\/v2\/users\/2"}],"replies":[{"embeddable":true,"href":"https:\/\/www.europesays.com\/ch-fr\/wp-json\/wp\/v2\/comments?post=290949"}],"version-history":[{"count":0,"href":"https:\/\/www.europesays.com\/ch-fr\/wp-json\/wp\/v2\/posts\/290949\/revisions"}],"wp:featuredmedia":[{"embeddable":true,"href":"https:\/\/www.europesays.com\/ch-fr\/wp-json\/wp\/v2\/media\/290950"}],"wp:attachment":[{"href":"https:\/\/www.europesays.com\/ch-fr\/wp-json\/wp\/v2\/media?parent=290949"}],"wp:term":[{"taxonomy":"category","embeddable":true,"href":"https:\/\/www.europesays.com\/ch-fr\/wp-json\/wp\/v2\/categories?post=290949"},{"taxonomy":"post_tag","embeddable":true,"href":"https:\/\/www.europesays.com\/ch-fr\/wp-json\/wp\/v2\/tags?post=290949"}],"curies":[{"name":"wp","href":"https:\/\/api.w.org\/{rel}","templated":true}]}}