{"id":290971,"date":"2026-09-04T05:40:18","date_gmt":"2026-09-04T05:40:18","guid":{"rendered":"https:\/\/www.europesays.com\/ch-fr\/290971\/"},"modified":"2026-09-04T05:40:18","modified_gmt":"2026-09-04T05:40:18","slug":"vietnam-onze-personnes-condamnees-a-mort-pour-avoir-importe-de-la-drogue-de-france-dans-des-tubes-de-dentifrice","status":"publish","type":"post","link":"https:\/\/www.europesays.com\/ch-fr\/290971\/","title":{"rendered":"Vietnam\u00a0: Onze personnes condamn\u00e9es \u00e0 mort pour avoir import\u00e9 de la drogue de France dans des tubes de dentifrice"},"content":{"rendered":"<p>L\u2019enqu\u00eate avait d\u00e9but\u00e9 en\u00a02023 lorsque des douaniers de l\u2019a\u00e9roport de H\u00f4 Chi Minh-Ville avaient d\u00e9couvert onze kilos de <a href=\"https:\/\/www.20minutes.fr\/sante\/4212522-20260318-europe-davantage-cocaine-ketamine-eaux-usees-surtout-week-end\" target=\"_blank\" class=\"c-link c-link--is-underlined\" rel=\"nofollow noopener\">drogues de synth\u00e8se (MDMA et k\u00e9tamine)<\/a> dissimul\u00e9s dans plus de 150 tubes de dentifrice. Ce jeudi, les condamnations sont tomb\u00e9es. Un tribunal vietnamien a condamn\u00e9 \u00e0 mort 11 personnes, 19 \u00e0 de la prison \u00e0 <a href=\"https:\/\/www.20minutes.fr\/dossier\/perpetuite\" class=\"c-link c-link--is-underlined\" rel=\"nofollow noopener\" target=\"_blank\">perp\u00e9tuit\u00e9<\/a> et en a emprisonn\u00e9 plus de 200, pour trafic de produits stup\u00e9fiants dissimul\u00e9s dans du dentifrice en provenance de France, ont rapport\u00e9 les m\u00e9dias d\u2019Etat<\/p>\n<p>L\u2019op\u00e9ration impliquait des membres d\u2019\u00e9quipage vietnamiens ainsi que des ressortissants du Vietnam vivant en France. Les accus\u00e9s acheminaient des <a href=\"https:\/\/www.20minutes.fr\/societe\/4238843-20260815-jamais-ca-cannabis-consommateurs-alertent-cbc-thcx-vendus-legalement\" target=\"_blank\" class=\"c-link c-link--is-underlined\" rel=\"nofollow noopener\">drogues de synth\u00e8se<\/a> vers le Vietnam en avion ou via des services d\u2019exp\u00e9dition internationaux. C\u2019est l\u2019une des plus importantes condamnations collectives du pays dans <a href=\"https:\/\/www.20minutes.fr\/dossier\/trafic_de_drogue\" class=\"c-link c-link--is-underlined\" rel=\"nofollow noopener\" target=\"_blank\">une affaire de drogue<\/a>, selon le site d\u2019information Tuoi Tre. Le cerveau du r\u00e9seau, <a href=\"https:\/\/www.20minutes.fr\/sante\/4239916-20260819-juge-trop-dangereux-medicament-rare-retire-marche-francais\" target=\"_blank\" class=\"c-link c-link--is-underlined\" rel=\"nofollow noopener\">jug\u00e9 par contumace<\/a>, figure parmi les personnes condamn\u00e9es \u00e0 mort. Les autres accus\u00e9s ont \u00e9cop\u00e9 de peines allant de 18 mois avec sursis \u00e0 vingt-neuf ans de prison.<\/p>\n<p>Quatre employ\u00e9s de Vietnam Airlines<\/p>\n<p>Les tubes avaient \u00e9t\u00e9 achemin\u00e9s depuis la France par quatre employ\u00e9s de <a href=\"https:\/\/www.20minutes.fr\/faits_divers\/4228728-20260612-teste-positif-cocaine-apres-atterrissage-aeroport-nice-pilote-ligne-condamne\" target=\"_blank\" class=\"c-link c-link--is-underlined\" rel=\"nofollow noopener\">Vietnam Airlines<\/a>, qui avaient accept\u00e9 de convoyer des biens de consommation non sp\u00e9cifi\u00e9s moyennant environ 450 dollars. Ils n\u2019ont pas \u00e9t\u00e9 poursuivis, aucun \u00e9l\u00e9ment ne permettant de prouver qu\u2019ils savaient qu\u2019ils transportaient des stup\u00e9fiants.<\/p>\n<p>Rappelons que les condamnations \u00e0 mort sont toujours d\u2019actualit\u00e9 au Vietnam. En\u00a02024, le pays avait condamn\u00e9 27 personnes \u00e0 mort pour trafic de drogue concernant plus de 600\u00a0kg de stup\u00e9fiants, dont de l\u2019<a href=\"https:\/\/www.20minutes.fr\/dossier\/heroine\" class=\"c-link c-link--is-underlined\" rel=\"nofollow noopener\" target=\"_blank\">h\u00e9ro\u00efne<\/a>, de la k\u00e9tamine et de la m\u00e9thamph\u00e9tamine, en provenance du <a href=\"https:\/\/www.20minutes.fr\/monde\/cambodge\/\" class=\"c-link c-link--is-underlined\" rel=\"nofollow noopener\" target=\"_blank\">Cambodge<\/a>. Onze personnes, dont deux policiers, ont \u00e9t\u00e9 condamn\u00e9es \u00e0 mort l\u2019an dernier pour trafic de drogue en provenance du Laos.<\/p>\n","protected":false},"excerpt":{"rendered":"L\u2019enqu\u00eate avait d\u00e9but\u00e9 en\u00a02023 lorsque des douaniers de l\u2019a\u00e9roport de H\u00f4 Chi Minh-Ville avaient d\u00e9couvert onze kilos de&hellip;\n","protected":false},"author":2,"featured_media":290972,"comment_status":"","ping_status":"","sticky":false,"template":"","format":"standard","meta":{"footnotes":"","_share_on_mastodon":"0"},"categories":[5],"tags":[376,1564,12366,20474,63373,2554,40,39,421,63374,2483,238,2883,9035,41,42],"class_list":["post-290971","post","type-post","status-publish","format-standard","has-post-thumbnail","category-international","tag-actualite","tag-aeronautique","tag-asie","tag-condamnation","tag-condamnation-a-mort","tag-drogue","tag-international","tag-justice","tag-monde","tag-perpetuite","tag-prison","tag-societe","tag-trafic-de-drogue","tag-vietnam","tag-world","tag-world-news"],"share_on_mastodon":{"url":"https:\/\/pubeurope.com\/@ch_fr\/117211170615196596","error":""},"_links":{"self":[{"href":"https:\/\/www.europesays.com\/ch-fr\/wp-json\/wp\/v2\/posts\/290971","targetHints":{"allow":["GET"]}}],"collection":[{"href":"https:\/\/www.europesays.com\/ch-fr\/wp-json\/wp\/v2\/posts"}],"about":[{"href":"https:\/\/www.europesays.com\/ch-fr\/wp-json\/wp\/v2\/types\/post"}],"author":[{"embeddable":true,"href":"https:\/\/www.europesays.com\/ch-fr\/wp-json\/wp\/v2\/users\/2"}],"replies":[{"embeddable":true,"href":"https:\/\/www.europesays.com\/ch-fr\/wp-json\/wp\/v2\/comments?post=290971"}],"version-history":[{"count":0,"href":"https:\/\/www.europesays.com\/ch-fr\/wp-json\/wp\/v2\/posts\/290971\/revisions"}],"wp:featuredmedia":[{"embeddable":true,"href":"https:\/\/www.europesays.com\/ch-fr\/wp-json\/wp\/v2\/media\/290972"}],"wp:attachment":[{"href":"https:\/\/www.europesays.com\/ch-fr\/wp-json\/wp\/v2\/media?parent=290971"}],"wp:term":[{"taxonomy":"category","embeddable":true,"href":"https:\/\/www.europesays.com\/ch-fr\/wp-json\/wp\/v2\/categories?post=290971"},{"taxonomy":"post_tag","embeddable":true,"href":"https:\/\/www.europesays.com\/ch-fr\/wp-json\/wp\/v2\/tags?post=290971"}],"curies":[{"name":"wp","href":"https:\/\/api.w.org\/{rel}","templated":true}]}}