{"id":291007,"date":"2026-09-04T06:07:08","date_gmt":"2026-09-04T06:07:08","guid":{"rendered":"https:\/\/www.europesays.com\/ch-fr\/291007\/"},"modified":"2026-09-04T06:07:08","modified_gmt":"2026-09-04T06:07:08","slug":"sillonnant-cette-ville-de-vendee-le-photographe-retrouve-133-cafes-dautrefois","status":"publish","type":"post","link":"https:\/\/www.europesays.com\/ch-fr\/291007\/","title":{"rendered":"Sillonnant cette ville de Vend\u00e9e, le photographe retrouve 133\u00a0caf\u00e9s d\u2019autrefois"},"content":{"rendered":"<p>\n                Article premium,<br \/>\n                    R\u00e9serv\u00e9 aux\u00a0abonn\u00e9s\n            <\/p>\n<p class=\"su-standfirst chapeau\">Thierry Delmarre, photographe habitu\u00e9 \u00e0 faire des \u00ab\u00a0avant-apr\u00e8s\u00a0\u00bb \u00e0 Fontenay-le-Comte (Vend\u00e9e), s\u2019est int\u00e9ress\u00e9 aux caf\u00e9s de la ville. Il expose jusqu\u2019au 29\u00a0octobre 2026.<\/p>\n<p>                                        <img decoding=\"async\" class=\"su-media\" src=\"https:\/\/media.ouest-france.fr\/v1\/pictures\/MjAyNjA5NWU3MzdmOWIzNDQ4YTc1YzVjZGMzOGQ1ODY0MWFiNjE?width=630&amp;height=354&amp;focuspoint=50%2C25&amp;cropresize=1&amp;client_id=bpeditorial&amp;sign=cdfcbc610e1bfb7fd38f0e087ad3d21902e7da2deaf258f2fae76260fbfbf95c\" alt=\"Thierry Delmarre devant le Balto, l\u2019un des plus anciens caf\u00e9s de la ville de Fontenay-le-Comte.\"  \/><\/p>\n<p>                            Thierry Delmarre devant le Balto, l\u2019un des plus anciens caf\u00e9s de la ville de Fontenay-le-Comte. | OUEST-FRANCE<\/p>\n<p>                            fermer<\/p>\n<p><img decoding=\"async\" data-ofmaxheight=\"\" class=\"su-media lazyload\" alt=\"Thierry Delmarre devant le Balto, l\u2019un des plus anciens caf\u00e9s de la ville de Fontenay-le-Comte.\" src=\"data:image\/png;base64,iVBORw0KGgoAAAANSUhEUgAAABAAAAAJCAYAAAA7KqwyAAAAGXRFWHRTb2Z0d2FyZQBBZG9iZSBJbWFnZVJlYWR5ccllPAAAABhJREFUeNpi\/P\/\/PwMlgHHUgFEDgAAgwAD+lBrvy+NcxAAAAABJRU5ErkJggg==\" data-oflazyload=\"{&quot;srcset&quot;:&quot;https:\/\/media.ouest-france.fr\/v1\/pictures\/MjAyNjA5NWU3MzdmOWIzNDQ4YTc1YzVjZGMzOGQ1ODY0MWFiNjE?width=320&amp;focuspoint=50%2C25&amp;cropresize=1&amp;client_id=bpeditorial&amp;sign=41c7c8b2566b6414ae1fcbf1c18f1229d48de3a38544ea97cc313da6847220e0 320w,https:\/\/media.ouest-france.fr\/v1\/pictures\/MjAyNjA5NWU3MzdmOWIzNDQ4YTc1YzVjZGMzOGQ1ODY0MWFiNjE?width=375&amp;focuspoint=50%2C25&amp;cropresize=1&amp;client_id=bpeditorial&amp;sign=7295160a7742204642e00b51fce42f240e15e2d3dfb2301a504439940d537291 360w,https:\/\/media.ouest-france.fr\/v1\/pictures\/MjAyNjA5NWU3MzdmOWIzNDQ4YTc1YzVjZGMzOGQ1ODY0MWFiNjE?width=480&amp;focuspoint=50%2C25&amp;cropresize=1&amp;client_id=bpeditorial&amp;sign=afd67bb5b40b2e964c5fcfdf715f6cc20f757160782f764e6a41ad3abb539f29 480w,https:\/\/media.ouest-france.fr\/v1\/pictures\/MjAyNjA5NWU3MzdmOWIzNDQ4YTc1YzVjZGMzOGQ1ODY0MWFiNjE?width=630&amp;focuspoint=50%2C25&amp;cropresize=1&amp;client_id=bpeditorial&amp;sign=de6af0d337a50821d4e63d550fcf70c00c88c3d50cf434c4d184a20969b7847b 630w,https:\/\/media.ouest-france.fr\/v1\/pictures\/MjAyNjA5NWU3MzdmOWIzNDQ4YTc1YzVjZGMzOGQ1ODY0MWFiNjE?width=940&amp;focuspoint=50%2C25&amp;cropresize=1&amp;client_id=bpeditorial&amp;sign=0db6cb5b2d83d1c57d51fd238069c37189b412f917e214c58c922972ac75ee06 940w,https:\/\/media.ouest-france.fr\/v1\/pictures\/MjAyNjA5NWU3MzdmOWIzNDQ4YTc1YzVjZGMzOGQ1ODY0MWFiNjE?width=1260&amp;focuspoint=50%2C25&amp;cropresize=1&amp;client_id=bpeditorial&amp;sign=7bfc0bdecad7014806821532fa3d6ec93b6c8624cb8a0e752f70b63047514e4e 1260w&quot;}\"\/>Thierry Delmarre devant le Balto, l\u2019un des plus anciens caf\u00e9s de la ville de Fontenay-le-Comte. | OUEST-FRANCE                            <\/p>\n<p data-ofstats-scroll=\"read_depth_10\">Thierry Delmarre est un photographe bien connu \u00e0 Fontenay-le-Comte (Vend\u00e9e). C\u2019est bien simple\u2009: il capture dans son objectif tous les recoins de la ville et les confronte \u00e0 son immense collection de photos d\u2019\u00e9poque, dans des \u00ab\u00a0avant-apr\u00e8s\u00a0\u00bb qu\u2019il expose sur les r\u00e9seaux sociaux et parfois lors d\u2019expositions. Sa derni\u00e8re en date a ouvert ce mercredi 2\u00a0septembre 2026 \u00e0 la m\u00e9diath\u00e8que et elle porte sur les caf\u00e9s d\u2019hier et d\u2019aujourd\u2019hui.<\/p>\n<p>Qu\u2019est ce qui vous a donn\u00e9 l\u2019id\u00e9e de vous int\u00e9resser aux caf\u00e9s\u2009?<\/p>\n<p>L\u2019an dernier, <a href=\"https:\/\/www.ouest-france.fr\/pays-de-la-loire\/fontenay-le-comte-85200\/festival-du-film-de-fontenay-le-comte-une-exposition-a-la-decouverte-des-anciens-cinemas-oublies-43cfc7b4-f057-11ef-832a-25775758df4b?utm_source=troove&amp;utm_medium=site\" target=\"_self\" rel=\"nofollow noopener\">j\u2019ai travaill\u00e9 sur les cin\u00e9mas de Fontenay-le-Comte<\/a> (lors de l\u2019ouverture du nouveau cin\u00e9ma Grand Ecran et de la fermeture de l\u2019ancien). Puis, je me suis dit qu\u2019il fallait que je trouve un autre th\u00e8me\u2009: j\u2019avais&#8230;<\/p>\n<p style=\"text-align: center; background-color: #dbbe4d; padding-top: 5px; padding-bottom: 5px; font-size: 14px;\">D\u00e9j\u00e0 abonn\u00e9 ? <a data-trkartmonet=\"Identification\" data-trk-sipa=\"{\" blockcategory=\"\" paywall=\"\" href=\"http:\/\/www.ouest-france.fr\/login?redirect=https:\/\/www.ouest-france.fr\/economie\/commerce\/sillonnant-cette-ville-de-vendee-le-photographe-retrouve-133-cafes-dautrefois-76d29420-a627-11f1-95a1-d7cb1b3759ac\" rel=\"nofollow noopener\" title=\"Se connecter \u00e0 Ouest-France\" class=\"su-link-light\" target=\"_blank\">Connectez-vous<\/a><\/p>\n<p style=\"text-align: center; padding-top: 15px; padding-bottom: 8px; vertical-align: bottom;\">bloqu\u00e9 Pour lire la suite, abonnez-vous<\/p>\n<p style=\"text-align: center;\">1er mois \u00e0 1\u20ac<\/p>\n<p style=\"text-align: center; margin-top: -5px;\">Annulable \u00e0 tout moment<\/p>\n<p style=\"text-align: center;\">\u00a0<\/p>\n<p style=\"text-align: center;\"><a data-ida=\"\" data-trkartmonet=\"Tunnel OF+\" data-trk-sipa=\"{&#010;\" blockcategory=\"\" paywall=\"\" :=\"\" m=\"\" of=\"\" class=\"su-button su-subscription\" data-trk-bloc=\"paywall\" href=\"https:\/\/abonnement.ouest-france.fr\/tunnel\/pack-essentiel-article\/122096117101?int_medium=lien&amp;int_campaign=PWFR0225-OF&amp;int_content=page-article-payant_boutonjaune-paywall&amp;marquesource=OF&amp;rt=https:\/\/www.ouest-france.fr\/economie\/commerce\/sillonnant-cette-ville-de-vendee-le-photographe-retrouve-133-cafes-dautrefois-76d29420-a627-11f1-95a1-d7cb1b3759ac\" rel=\"nofollow noopener\" target=\"_blank\">Je m&rsquo;abonne<\/a><\/p>\n<p style=\"text-align: center; padding-top: 10px; padding-bottom: 10px;\"><img decoding=\"async\" src=\"https:\/\/media.ouest-france.fr\/v1\/fonts\/be7723fcee3f1866f1ce99184077fc6f-carte-bancaire.svg?height=36\" alt=\"CB\"\/>\u00a0\u00a0<img decoding=\"async\" src=\"https:\/\/media.ouest-france.fr\/v1\/fonts\/1819d54c599d8afa64539cfba4ac9dde-rib.svg?height=36\" alt=\"RIB\"\/>\u00a0\u00a0<img decoding=\"async\" src=\"https:\/\/media.ouest-france.fr\/v1\/fonts\/065fc80d7b6a03d14a834c224ce723e1-paypal.svg?height=36\" alt=\"PAYPAL\"\/><\/p>\n","protected":false},"excerpt":{"rendered":"Article premium, R\u00e9serv\u00e9 aux\u00a0abonn\u00e9s Thierry Delmarre, photographe habitu\u00e9 \u00e0 faire des \u00ab\u00a0avant-apr\u00e8s\u00a0\u00bb \u00e0 Fontenay-le-Comte (Vend\u00e9e), s\u2019est int\u00e9ress\u00e9 aux&hellip;\n","protected":false},"author":2,"featured_media":291008,"comment_status":"","ping_status":"","sticky":false,"template":"","format":"standard","meta":{"footnotes":"","_share_on_mastodon":"0"},"categories":[14],"tags":[414,155,156,801,113,112,811,8663,303,23],"class_list":["post-291007","post","type-post","status-publish","format-standard","has-post-thumbnail","category-arts-et-design","tag-arts","tag-arts-and-design","tag-arts-et-design","tag-commerce","tag-divertissement","tag-entertainment","tag-expositions","tag-fontenay-le-comte","tag-histoire","tag-suisse"],"share_on_mastodon":{"url":"https:\/\/pubeurope.com\/@ch_fr\/117211277054414699","error":""},"_links":{"self":[{"href":"https:\/\/www.europesays.com\/ch-fr\/wp-json\/wp\/v2\/posts\/291007","targetHints":{"allow":["GET"]}}],"collection":[{"href":"https:\/\/www.europesays.com\/ch-fr\/wp-json\/wp\/v2\/posts"}],"about":[{"href":"https:\/\/www.europesays.com\/ch-fr\/wp-json\/wp\/v2\/types\/post"}],"author":[{"embeddable":true,"href":"https:\/\/www.europesays.com\/ch-fr\/wp-json\/wp\/v2\/users\/2"}],"replies":[{"embeddable":true,"href":"https:\/\/www.europesays.com\/ch-fr\/wp-json\/wp\/v2\/comments?post=291007"}],"version-history":[{"count":0,"href":"https:\/\/www.europesays.com\/ch-fr\/wp-json\/wp\/v2\/posts\/291007\/revisions"}],"wp:featuredmedia":[{"embeddable":true,"href":"https:\/\/www.europesays.com\/ch-fr\/wp-json\/wp\/v2\/media\/291008"}],"wp:attachment":[{"href":"https:\/\/www.europesays.com\/ch-fr\/wp-json\/wp\/v2\/media?parent=291007"}],"wp:term":[{"taxonomy":"category","embeddable":true,"href":"https:\/\/www.europesays.com\/ch-fr\/wp-json\/wp\/v2\/categories?post=291007"},{"taxonomy":"post_tag","embeddable":true,"href":"https:\/\/www.europesays.com\/ch-fr\/wp-json\/wp\/v2\/tags?post=291007"}],"curies":[{"name":"wp","href":"https:\/\/api.w.org\/{rel}","templated":true}]}}