{"id":291015,"date":"2026-09-04T06:15:19","date_gmt":"2026-09-04T06:15:19","guid":{"rendered":"https:\/\/www.europesays.com\/ch-fr\/291015\/"},"modified":"2026-09-04T06:15:19","modified_gmt":"2026-09-04T06:15:19","slug":"allemagne-un-institut-releve-fortement-sa-prevision-de-croissance-2","status":"publish","type":"post","link":"https:\/\/www.europesays.com\/ch-fr\/291015\/","title":{"rendered":"Allemagne: un institut rel\u00e8ve fortement sa pr\u00e9vision de croissance"},"content":{"rendered":"<p class=\"wysiwyg-h2\">L&rsquo;institut \u00e9conomique allemand DIW a fortement rehauss\u00e9 mercredi sa pr\u00e9vision de croissance pour l&rsquo;Allemagne en 2026, gr\u00e2ce au r\u00e9cent dynamisme des exportations et au choc jusqu&rsquo;ici mod\u00e9r\u00e9 de la guerre au Moyen-Orient.<\/p>\n<p>Le DIW estime que le produit int\u00e9rieur brut (PIB) va cro\u00eetre de 1,2% cette ann\u00e9e, et non de 0,5% comme estim\u00e9 au printemps, a indiqu\u00e9 l&rsquo;institut dans un communiqu\u00e9. &lsquo;L&rsquo;\u00e9conomie allemande se redresse cette ann\u00e9e un peu mieux que pr\u00e9vu, mais reste encore sur des bases fragiles&rsquo;, a jug\u00e9 Geraldine Dany-Knedlik, experte conjoncture du DIW.<\/p>\n<p>En 2027, le PIB allemand devrait augmenter de 1,0%, pr\u00e9voit l&rsquo;institut, soit 0,2 point de pourcentage de plus que sa pr\u00e9c\u00e9dente estimation. Cette embellie donne d\u00e9j\u00e0 le ton pour les pr\u00e9visions fin septembre d&rsquo;autres instituts majeurs du pays, puis de celles du gouvernement en octobre.<\/p>\n<p>Berlin tablait en d\u00e9but d&rsquo;ann\u00e9e sur une croissance de 1% en 2026, avant de raboter de moiti\u00e9 cette projection \u00e0 la suite du choc \u00e9nerg\u00e9tique provoqu\u00e9 par la guerre au Moyen-Orient et la fermeture du d\u00e9troit d&rsquo;Ormuz. Mais la hausse des prix du p\u00e9trole est rest\u00e9e &lsquo;\u00e9tonnamment mod\u00e9r\u00e9e&rsquo; et les exportations allemandes, \u00e0 la peine depuis un moment, &lsquo;ont \u00e9t\u00e9 soutenues par des facteurs exceptionnels&rsquo;, a relev\u00e9 Geraldine Dany-Knedlik.<\/p>\n<p>Stagnation attendue au 3e trimestre<\/p>\n<p>A commencer par la vente de produits p\u00e9troliers et de produits chimiques interm\u00e9diaires, dop\u00e9e par &lsquo;des effets d&rsquo;anticipation li\u00e9s \u00e0 l&rsquo;incertitude sur les march\u00e9s de l&rsquo;\u00e9nergie&rsquo;, selon l&rsquo;institut berlinois. Le secteur du traitement de donn\u00e9es et des \u00e9quipements \u00e9lectroniques a aussi b\u00e9n\u00e9fici\u00e9 de l&rsquo;essor mondial de l&rsquo;intelligence artificielle et des centres de donn\u00e9es.<\/p>\n<p>N\u00e9anmoins, &lsquo;ni l&rsquo;un ni l&rsquo;autre [de ces facteurs] ne devrait soutenir durablement l&rsquo;activit\u00e9&rsquo;, a pr\u00e9venu l&rsquo;experte. Le PIB devrait stagner au troisi\u00e8me trimestre, p\u00e9nalis\u00e9 par les prix \u00e9lev\u00e9s de l&rsquo;\u00e9nergie et la baisse des cours d&rsquo;eau li\u00e9e \u00e0 une s\u00e9cheresse historique, qui affecte le transport fluvial de marchandises industrielles.<\/p>\n<p>En parall\u00e8le, les \u00e9conomistes n&rsquo;aper\u00e7oivent toujours pas de reprise de la consommation priv\u00e9e, molle depuis le d\u00e9but d&rsquo;ann\u00e9e. Le march\u00e9 du travail reste aussi morose et les investissements priv\u00e9s ne d\u00e9collent pas. Environ 70% de la croissance \u00e9conomique de cette ann\u00e9e provient de la consommation publique et des investissements publics, toujours port\u00e9s par le stimulus budg\u00e9taire dans la d\u00e9fense et les infrastructures.<\/p>\n<p>En outre, une escalade au Moyen-Orient ou de nouveaux conflits commerciaux &lsquo;pourraient freiner la reprise&rsquo;, a averti le DIW.<\/p>\n<p> \/ATS<\/p>\n","protected":false},"excerpt":{"rendered":"L&rsquo;institut \u00e9conomique allemand DIW a fortement rehauss\u00e9 mercredi sa pr\u00e9vision de croissance pour l&rsquo;Allemagne en 2026, gr\u00e2ce au&hellip;\n","protected":false},"author":2,"featured_media":291016,"comment_status":"","ping_status":"","sticky":false,"template":"","format":"standard","meta":{"footnotes":"","_share_on_mastodon":"0"},"categories":[6],"tags":[121,124,128,45,119,44,43,122,123,118,136,132,131,133,130,135,120,126,117,125,114,115,116,23,129,127,134],"class_list":["post-291015","post","type-post","status-publish","format-standard","has-post-thumbnail","category-economie","tag-ajoie","tag-animation","tag-bienne","tag-business","tag-delemont","tag-economie","tag-economy","tag-franches-montagnes","tag-frequence","tag-jura","tag-jura-bernois","tag-la-chaux-de-fonds","tag-moutier","tag-neuchatel","tag-neuveville","tag-payerne","tag-porrentruy","tag-publicite","tag-radio","tag-redaction","tag-rfj","tag-rjb","tag-rtn","tag-suisse","tag-tavannes","tag-vallon-de-st-imier","tag-yverdon"],"share_on_mastodon":{"url":"https:\/\/pubeurope.com\/@ch_fr\/117211308129124645","error":""},"_links":{"self":[{"href":"https:\/\/www.europesays.com\/ch-fr\/wp-json\/wp\/v2\/posts\/291015","targetHints":{"allow":["GET"]}}],"collection":[{"href":"https:\/\/www.europesays.com\/ch-fr\/wp-json\/wp\/v2\/posts"}],"about":[{"href":"https:\/\/www.europesays.com\/ch-fr\/wp-json\/wp\/v2\/types\/post"}],"author":[{"embeddable":true,"href":"https:\/\/www.europesays.com\/ch-fr\/wp-json\/wp\/v2\/users\/2"}],"replies":[{"embeddable":true,"href":"https:\/\/www.europesays.com\/ch-fr\/wp-json\/wp\/v2\/comments?post=291015"}],"version-history":[{"count":0,"href":"https:\/\/www.europesays.com\/ch-fr\/wp-json\/wp\/v2\/posts\/291015\/revisions"}],"wp:featuredmedia":[{"embeddable":true,"href":"https:\/\/www.europesays.com\/ch-fr\/wp-json\/wp\/v2\/media\/291016"}],"wp:attachment":[{"href":"https:\/\/www.europesays.com\/ch-fr\/wp-json\/wp\/v2\/media?parent=291015"}],"wp:term":[{"taxonomy":"category","embeddable":true,"href":"https:\/\/www.europesays.com\/ch-fr\/wp-json\/wp\/v2\/categories?post=291015"},{"taxonomy":"post_tag","embeddable":true,"href":"https:\/\/www.europesays.com\/ch-fr\/wp-json\/wp\/v2\/tags?post=291015"}],"curies":[{"name":"wp","href":"https:\/\/api.w.org\/{rel}","templated":true}]}}