{"id":291031,"date":"2026-09-04T06:32:23","date_gmt":"2026-09-04T06:32:23","guid":{"rendered":"https:\/\/www.europesays.com\/ch-fr\/291031\/"},"modified":"2026-09-04T06:32:23","modified_gmt":"2026-09-04T06:32:23","slug":"us-open-felix-auger-aliassime-elimine-des-le-2e-tour","status":"publish","type":"post","link":"https:\/\/www.europesays.com\/ch-fr\/291031\/","title":{"rendered":"US Open : F\u00e9lix Auger-Aliassime \u00e9limin\u00e9 d\u00e8s le 2e tour"},"content":{"rendered":"<p>Ce n&rsquo;est pas en 2026 que F\u00e9lix Auger-Aliassime (ATP 4) signera son premier exploit en Grand Chelem. Le Canadien a \u00e9t\u00e9 sorti d\u00e8s le 2e tour de l&rsquo;US Open jeudi.<\/p>\n<p>T\u00eate de s\u00e9rie no 3 du tableau \u00e0 New York, F\u00e9lix Auger-Aliassime s&rsquo;est inclin\u00e9 6-7 (5\/7) 6-3 6-2 6-2 apr\u00e8s 3h17 de jeu devant le Russe Karen Khachanov (50). Le Qu\u00e9b\u00e9cois s&rsquo;est effondr\u00e9 apr\u00e8s la perte de la deuxi\u00e8me manche, ne se procurant pas la moindre balle de break dans les deux derniers sets.<\/p>\n<p>\u00ab\u00a0FAA\u00a0\u00bb affrontait certes un joueur qui figurait encore dans le top-20 mondial \u00e0 la mi-juin et qui avait atteint le dernier carr\u00e9 \u00e0 l&rsquo;US Open en 2022. N&#8217;emp\u00eache qu&rsquo;il faisait partie des outsiders \u00e0 Flushing Meadows, apr\u00e8s s&rsquo;\u00eatre hiss\u00e9 en quarts de finale \u00e0 Roland-Garros et \u00e0 Wimbledon cette saison.<\/p>\n<p>Demi-finaliste l&rsquo;an dernier \u00e0 New York, F\u00e9lix Auger-Aliassime (26 ans) va perdre 750 points dans l&rsquo;aventure. S&rsquo;il reste pour l&rsquo;heure virtuellement 4e du classement ATP, il pourrait chuter dans la hi\u00e9rarchie en fonction des r\u00e9sultats de ses poursuivants.<\/p>\n<p>Des frayeurs pour Osaka<\/p>\n<p>Double laur\u00e9ate de l&rsquo;US Open, l&rsquo;ancienne n\u00b0 1 mondiale Naomi Osaka (WTA 13) a surmont\u00e9 jeudi une brutale baisse de r\u00e9gime dans le deuxi\u00e8me set pour rallier, en trois manches, le troisi\u00e8me tour de l&rsquo;US Open.<\/p>\n<p>Tombeuse 6-2 5-7 6-1 de la Tch\u00e8que Katerina Siniakova (42), n\u00b0 1 mondiale en double, la Japonaise de 28 ans semblait avoir fait le plus dur en breakant son adversaire pour mener 6-2 4-2 sur le court Arthur-Ashe.<\/p>\n<p>Mais Siniakova a d\u00e9break\u00e9 (4-3), semant le doute dans l&rsquo;esprit d&rsquo;Osaka au point de lui faire perdre le deuxi\u00e8me set. La quadruple laur\u00e9ate de tournois du Grand Chelem a serr\u00e9 le jeu au d\u00e9but du set d\u00e9cisif pour mener rapidement 3-0.<\/p>\n<p>La Japonaise a finalement pu mettre le couvercle en s&rsquo;offrant d&rsquo;abord un deuxi\u00e8me break pour mener 5-1, puis un jeu de service rondement men\u00e9 pour terminer la rencontre.<\/p>\n<p class=\"sources\">agences\/tddb<\/p>\n","protected":false},"excerpt":{"rendered":"Ce n&rsquo;est pas en 2026 que F\u00e9lix Auger-Aliassime (ATP 4) signera son premier exploit en Grand Chelem. Le&hellip;\n","protected":false},"author":2,"featured_media":291032,"comment_status":"","ping_status":"","sticky":false,"template":"","format":"standard","meta":{"footnotes":"","_share_on_mastodon":"0"},"categories":[8],"tags":[7827,62994,28,38666,7669,63378,63379,466,186,75,23,4344,2085,39561],"class_list":["post-291031","post","type-post","status-publish","format-standard","has-post-thumbnail","category-sports","tag-atp","tag-atp-us-open-1-32","tag-canada","tag-felix-auger-aliassime","tag-grand-chelem-de-tennis","tag-karen-khachanov","tag-karen-khachanov-felix-auger-aliassime","tag-rts-sport","tag-sport","tag-sports","tag-suisse","tag-tennis","tag-tout-le-sport","tag-us-open-de-tennis"],"share_on_mastodon":{"url":"https:\/\/pubeurope.com\/@ch_fr\/117211375136824810","error":""},"_links":{"self":[{"href":"https:\/\/www.europesays.com\/ch-fr\/wp-json\/wp\/v2\/posts\/291031","targetHints":{"allow":["GET"]}}],"collection":[{"href":"https:\/\/www.europesays.com\/ch-fr\/wp-json\/wp\/v2\/posts"}],"about":[{"href":"https:\/\/www.europesays.com\/ch-fr\/wp-json\/wp\/v2\/types\/post"}],"author":[{"embeddable":true,"href":"https:\/\/www.europesays.com\/ch-fr\/wp-json\/wp\/v2\/users\/2"}],"replies":[{"embeddable":true,"href":"https:\/\/www.europesays.com\/ch-fr\/wp-json\/wp\/v2\/comments?post=291031"}],"version-history":[{"count":0,"href":"https:\/\/www.europesays.com\/ch-fr\/wp-json\/wp\/v2\/posts\/291031\/revisions"}],"wp:featuredmedia":[{"embeddable":true,"href":"https:\/\/www.europesays.com\/ch-fr\/wp-json\/wp\/v2\/media\/291032"}],"wp:attachment":[{"href":"https:\/\/www.europesays.com\/ch-fr\/wp-json\/wp\/v2\/media?parent=291031"}],"wp:term":[{"taxonomy":"category","embeddable":true,"href":"https:\/\/www.europesays.com\/ch-fr\/wp-json\/wp\/v2\/categories?post=291031"},{"taxonomy":"post_tag","embeddable":true,"href":"https:\/\/www.europesays.com\/ch-fr\/wp-json\/wp\/v2\/tags?post=291031"}],"curies":[{"name":"wp","href":"https:\/\/api.w.org\/{rel}","templated":true}]}}