{"id":291053,"date":"2026-09-04T06:50:15","date_gmt":"2026-09-04T06:50:15","guid":{"rendered":"https:\/\/www.europesays.com\/ch-fr\/291053\/"},"modified":"2026-09-04T06:50:15","modified_gmt":"2026-09-04T06:50:15","slug":"marcos-llorente-met-fin-a-sa-carriere-internationale-a-31-ans-2","status":"publish","type":"post","link":"https:\/\/www.europesays.com\/ch-fr\/291053\/","title":{"rendered":"Marcos Llorente met fin \u00e0 sa carri\u00e8re internationale, \u00e0 31 ans"},"content":{"rendered":"<p class=\"wysiwyg-h2\">Le d\u00e9fenseur Marcos Llorente, champion du monde avec l&rsquo;Espagne au mois de juillet, a d\u00e9cid\u00e9 de mettre un terme \u00e0 sa carri\u00e8re internationale, \u00e0 seulement 31 ans. Il l&rsquo;a annonc\u00e9 jeudi.<\/p>\n<p>&lsquo;Apr\u00e8s y avoir longuement r\u00e9fl\u00e9chi, j&rsquo;ai d\u00e9cid\u00e9 de mettre un terme \u00e0 mon parcours avec l&rsquo;\u00e9quipe nationale&rsquo;, a-t-il indiqu\u00e9 dans un message sur son compte Instagram, accompagn\u00e9 d&rsquo;une photo de lui embrassant la Coupe du monde.<\/p>\n<p>&lsquo;Je suis conscient que je suis encore jeune et que, peut-\u00eatre, si je continuais \u00e0 bien jouer, il me resterait encore quelques ann\u00e9es pour porter ce maillot&rsquo;, poursuit le d\u00e9fenseur de l&rsquo;Atl\u00e9tico Madrid.<\/p>\n<p>&lsquo;Je sais que beaucoup d&rsquo;entre vous ne comprendront pas cette d\u00e9cision et, sans doute, moi non plus je ne l&rsquo;aurais pas comprise si j&rsquo;avais \u00e9t\u00e9 \u00e0 l&rsquo;ext\u00e9rieur. Mais c&rsquo;est une d\u00e9cision personnelle, m\u00fbrement r\u00e9fl\u00e9chie et, surtout, qui me tient vraiment \u00e0 coeur&rsquo;, ajoute le lat\u00e9ral droit, qui compte 27 s\u00e9lections (0 but).<\/p>\n<p>Marcos Llorente n&rsquo;\u00e9tait pas entr\u00e9 en jeu en finale du Mondial mais avait disput\u00e9 quelques minutes en demi-finale lors de la victoire contre la France (2-0). &lsquo;Que j&rsquo;aie particip\u00e9 ou non \u00e0 la Coupe du monde, ou que nous ayons gagn\u00e9 ou perdu, cette d\u00e9cision \u00e9tait d\u00e9j\u00e0 prise&rsquo;, insiste-t-il encore.<\/p>\n<p> \/ATS<\/p>\n","protected":false},"excerpt":{"rendered":"Le d\u00e9fenseur Marcos Llorente, champion du monde avec l&rsquo;Espagne au mois de juillet, a d\u00e9cid\u00e9 de mettre un&hellip;\n","protected":false},"author":2,"featured_media":291054,"comment_status":"","ping_status":"","sticky":false,"template":"","format":"standard","meta":{"footnotes":"","_share_on_mastodon":"0"},"categories":[8],"tags":[121,124,128,119,122,123,118,136,132,131,133,130,135,120,126,117,125,114,115,116,75,23,129,127,134],"class_list":["post-291053","post","type-post","status-publish","format-standard","has-post-thumbnail","category-sports","tag-ajoie","tag-animation","tag-bienne","tag-delemont","tag-franches-montagnes","tag-frequence","tag-jura","tag-jura-bernois","tag-la-chaux-de-fonds","tag-moutier","tag-neuchatel","tag-neuveville","tag-payerne","tag-porrentruy","tag-publicite","tag-radio","tag-redaction","tag-rfj","tag-rjb","tag-rtn","tag-sports","tag-suisse","tag-tavannes","tag-vallon-de-st-imier","tag-yverdon"],"share_on_mastodon":{"url":"https:\/\/pubeurope.com\/@ch_fr\/117211445419308737","error":""},"_links":{"self":[{"href":"https:\/\/www.europesays.com\/ch-fr\/wp-json\/wp\/v2\/posts\/291053","targetHints":{"allow":["GET"]}}],"collection":[{"href":"https:\/\/www.europesays.com\/ch-fr\/wp-json\/wp\/v2\/posts"}],"about":[{"href":"https:\/\/www.europesays.com\/ch-fr\/wp-json\/wp\/v2\/types\/post"}],"author":[{"embeddable":true,"href":"https:\/\/www.europesays.com\/ch-fr\/wp-json\/wp\/v2\/users\/2"}],"replies":[{"embeddable":true,"href":"https:\/\/www.europesays.com\/ch-fr\/wp-json\/wp\/v2\/comments?post=291053"}],"version-history":[{"count":0,"href":"https:\/\/www.europesays.com\/ch-fr\/wp-json\/wp\/v2\/posts\/291053\/revisions"}],"wp:featuredmedia":[{"embeddable":true,"href":"https:\/\/www.europesays.com\/ch-fr\/wp-json\/wp\/v2\/media\/291054"}],"wp:attachment":[{"href":"https:\/\/www.europesays.com\/ch-fr\/wp-json\/wp\/v2\/media?parent=291053"}],"wp:term":[{"taxonomy":"category","embeddable":true,"href":"https:\/\/www.europesays.com\/ch-fr\/wp-json\/wp\/v2\/categories?post=291053"},{"taxonomy":"post_tag","embeddable":true,"href":"https:\/\/www.europesays.com\/ch-fr\/wp-json\/wp\/v2\/tags?post=291053"}],"curies":[{"name":"wp","href":"https:\/\/api.w.org\/{rel}","templated":true}]}}