{"id":291065,"date":"2026-09-04T07:02:58","date_gmt":"2026-09-04T07:02:58","guid":{"rendered":"https:\/\/www.europesays.com\/ch-fr\/291065\/"},"modified":"2026-09-04T07:02:58","modified_gmt":"2026-09-04T07:02:58","slug":"le-beau-gosse-de-buckingham-sen-va-jonny-thompson-quitte-ses-fonctions-aupres-de-charles-iii","status":"publish","type":"post","link":"https:\/\/www.europesays.com\/ch-fr\/291065\/","title":{"rendered":"Le \u201cbeau gosse\u201d de Buckingham s\u2019en va : Jonny Thompson quitte ses fonctions aupr\u00e8s de Charles III"},"content":{"rendered":"<p style=\"text-align:justify;\">C&rsquo;est une nouvelle qui va serrer plus d\u2019un c\u0153ur \u2013 voire, en briser quelques-uns. Le fid\u00e8le \u00e9cuyer du roi, Jonny Thompson, quittera ses fonctions \u00e0 la fin de l&rsquo;ann\u00e9e civile. Le lieutenant-colonel vient d\u2019annoncer son d\u00e9part de la maison royale. \u00ab\u00a0Leurs Majest\u00e9s \u00e9taient bien s\u00fbr au courant de cette d\u00e9cision \u00e0 l&rsquo;avance et elles sont extr\u00eamement reconnaissantes envers Jonny pour son soutien au cours des sept derni\u00e8res ann\u00e9es et lui souhaitent tout le meilleur pour l&rsquo;avenir\u00a0\u00bb, a fait savoir le palais.<\/p>\n<p><img decoding=\"async\" src=\"https:\/\/www.europesays.com\/ch-fr\/wp-content\/uploads\/2026\/09\/ABACA_868834_02307oYf4dx2h.jpg\" alt=\"Le roi Charles III et la reine Camilla, accompagn\u00e9s du major Johnny Thompson, assistent \u00e0 une r\u00e9ception \u00e0 bord de la fr\u00e9gate britannique Iron Duke, \u00e0 Bordeaux, lors du dernier jour de leur visite d'\u00c9tat en France, le 22 septembre 2023.\"\/><br \/>Le roi Charles III et la reine Camilla, accompagn\u00e9s du major Johnny Thompson, assistent \u00e0 une r\u00e9ception \u00e0 bord de la fr\u00e9gate britannique Iron Duke, \u00e0 Bordeaux, lors du dernier jour de leur visite d&rsquo;\u00c9tat en France, le 22 septembre 2023.<br \/>\u00a9 Ugo Amez\/Pool\/ABACA<\/p>\n<p style=\"text-align:justify;\">Mais voil\u00e0, le lieutenant-colonel a aussi une vie priv\u00e9e. Le 20 mai 2026, <a target=\"_blank\" href=\"https:\/\/www.pointdevue.fr\/royal\/royaume-uni\/johnny-thompson-lecuyer-de-charles-iii-sest-marie-pour-la-seconde-fois\" rel=\"nofollow noopener\">Olivia (sa seconde \u00e9pouse,<\/a> la fille de Simon Lewis, ancien responsable de la communication d\u2019\u00c9lisabeth II) a donn\u00e9 naissance \u00e0 une petite fille, Theodora, un an presque jour pour jour apr\u00e8s leur mariage. Le temps est sans doute venu pour lui de s\u2019adonner \u00e0 des activit\u00e9s professionnelles moins chronophages et plus simples, afin de profiter de sa nouvelle famille.<\/p>\n<p><img decoding=\"async\" src=\"https:\/\/www.europesays.com\/ch-fr\/wp-content\/uploads\/2026\/09\/GettyImages-2128232912VTfqBwhu6F.jpg\" alt=\"Le lieutenant-colonel Johnny Thompson, \u00e9cuyer du roi Charles III, assiste \u00e0 l'office traditionnel des matines de P\u00e2ques \u00e0 la chapelle Saint-Georges du ch\u00e2teau de Windsor, le 31 mars 2024 \u00e0 Windsor.\"\/><br \/>Le lieutenant-colonel Johnny Thompson, \u00e9cuyer du roi Charles III, assiste \u00e0 l&rsquo;office traditionnel des matines de P\u00e2ques \u00e0 la chapelle Saint-Georges du ch\u00e2teau de Windsor, le 31 mars 2024 \u00e0 Windsor.<br \/>\u00a9 Max Mumby\/Indigo\/Getty ImagesDevenu p\u00e8re, il part vers d&rsquo;autres aventures<\/p>\n<p style=\"text-align:justify;\">Le roi Charles III va donc devoir se trouver un tout nouveau bras droit pour remplacer celui qui, depuis des ann\u00e9es, veillait sur son agenda, ses d\u00e9placements, ses rendez-vous, accueillait les dignitaires \u00e9trangers et les autres invit\u00e9s, r\u00e9cup\u00e9rait les bouquets et les petits cadeaux destin\u00e9s au monarque. Et, accessoirement, alimentait les r\u00eaves d\u2019une partie des r\u00e9seaux sociaux.<\/p>\n<p><img decoding=\"async\" src=\"https:\/\/www.europesays.com\/ch-fr\/wp-content\/uploads\/2026\/09\/GettyImages-2152362536wyUMaCXCq1.jpg\" alt=\"L'\u00e9cuyer du roi Charles III lors de l'\u00e9preuve d'endurance du Royal Windsor Endurance au Windsor Great Park, le 3 mai 2024 \u00e0 Windsor.\"\/><br \/>L&rsquo;\u00e9cuyer du roi Charles III lors de l&rsquo;\u00e9preuve d&rsquo;endurance du Royal Windsor Endurance au Windsor Great Park, le 3 mai 2024 \u00e0 Windsor.<br \/>\u00a9 Max Mumby\/Indigo\/Getty Images<\/p>\n<p style=\"text-align:justify;\">Sur Instagram, les comptes de fans sont l\u00e9gion, avec parfois des milliers d\u2019abonn\u00e9s, accros aux jambes muscl\u00e9es surmont\u00e9es de kilts, \u00e0 la m\u00e2choire digne d\u2019un super-h\u00e9ros, au sourire impeccable et au port altier du militaire multi-d\u00e9cor\u00e9.<\/p>\n<p style=\"text-align:justify;\">\u00ab Major Jonny \u00bb, <a target=\"_blank\" href=\"https:\/\/www.pointdevue.fr\/royal\/royaume-uni\/johnny-thompson-le-triomphe-du-major-beau-gosse\" rel=\"nofollow noopener\">\u00ab Jonny Hot T \u00bb, \u00ab Hot Bodyguard \u00bb<\/a> : Internet lui a invent\u00e9 de nombreux surnoms. Le grand public le d\u00e9couvre en septembre 2022, lors des fun\u00e9railles d&rsquo;\u00c9lisabeth\u00a0II, et en quelques jours, <a target=\"_blank\" href=\"https:\/\/www.pointdevue.fr\/royal\/royaume-uni\/johnny-thompson-le-seduisant-ecuyer-de-charles-iii-fait-tourner-les-tetes\" rel=\"nofollow noopener\">il devient une vedette des r\u00e9seaux sociaux<\/a>. Une vid\u00e9o publi\u00e9e sur TikTok est m\u00eame visionn\u00e9e 7,6 millions de fois en quatre jours\u2026<\/p>\n<p><img decoding=\"async\" src=\"https:\/\/www.europesays.com\/ch-fr\/wp-content\/uploads\/2026\/09\/ABACA_BRPAPhotos20230208_349MhAkvy1mB2.jpg\" alt=\"Johnny Thompson accueille le pr\u00e9sident ukrainien Volodymyr Zelensky \u00e0 son arriv\u00e9e \u00e0 Buckingham Palace, \u00e0 Londres, pour une audience avec le souverain, lors de sa premi\u00e8re visite au Royaume-Uni depuis l\u2019invasion russe de l\u2019Ukraine, le 8 f\u00e9vrier 2023.\"\/><br \/>Johnny Thompson accueille le pr\u00e9sident ukrainien Volodymyr Zelensky \u00e0 son arriv\u00e9e \u00e0 Buckingham Palace, \u00e0 Londres, pour une audience avec le souverain, lors de sa premi\u00e8re visite au Royaume-Uni depuis l\u2019invasion russe de l\u2019Ukraine, le 8 f\u00e9vrier 2023.<br \/>\u00a9 Kirsty O&rsquo;Connor\/PA Wire\/Abaca<\/p>\n<p style=\"text-align:justify;\">M\u00eame le tr\u00e8s s\u00e9rieux magazine Tatler avait fini par consacrer sa popularit\u00e9 en le pla\u00e7ant en troisi\u00e8me position de son Social Power Index, derri\u00e8re <a target=\"_blank\" href=\"https:\/\/www.pointdevue.fr\/grand-angle\/biographies\/charles-iii\" rel=\"nofollow noopener\">Charles III<\/a> et <a target=\"_blank\" href=\"https:\/\/www.pointdevue.fr\/grand-angle\/biographies\/reine-camilla\" rel=\"nofollow noopener\">Camilla\u00a0<\/a>! Le magazine saluait notamment son humour, son \u00e9l\u00e9gance en costume comme en kilt et ce \u00ab\u00a0pouvoir calme et charmant\u00a0\u00bb qu\u2019il exer\u00e7ait depuis les coulisses du palais.<\/p>\n<p><img decoding=\"async\" src=\"https:\/\/www.europesays.com\/ch-fr\/wp-content\/uploads\/2026\/09\/ABACA_646786_007SUnRjYYkWU.jpg\" alt=\"La reine \u00c9lisabeth II, accompagn\u00e9e du major Johnny Thompson, passe en revue la compagnie Balaclava du 5e bataillon du Royal Regiment of Scotland aux portes de Balmoral, alors qu\u2019elle s\u2019installe pour la r\u00e9sidence d\u2019\u00e9t\u00e9 au ch\u00e2teau, en ao\u00fbt 2018.\"\/><br \/>La reine \u00c9lisabeth II, accompagn\u00e9e du major Johnny Thompson, passe en revue la compagnie Balaclava du 5e bataillon du Royal Regiment of Scotland aux portes de Balmoral, alors qu\u2019elle s\u2019installe pour la r\u00e9sidence d\u2019\u00e9t\u00e9 au ch\u00e2teau, en ao\u00fbt 2018.<br \/>\u00a9 Andrew Milligan\/PA Photos\/ABACA<\/p>\n<p style=\"text-align:justify;\">Une page se tourne donc \u00e0 Buckingham. Et pour Jonny Thompson, <a target=\"_blank\" href=\"https:\/\/www.pointdevue.fr\/royal\/royaume-uni\/johnny-thompson-lecuyer-de-charles-iii-soffre-une-rare-apparition-avec-son-epouse-au-royal-ascot\" rel=\"nofollow noopener\">une autre histoire commence,<\/a> apr\u00e8s sept ans au service des Windsor. Il faudra d\u00e9sormais s\u2019habituer \u00e0 ne plus guetter, derri\u00e8re le roi, cette silhouette impeccable qui aura tant fait travailler l\u2019imagination. Ground Control to Major Jonny : fin de transmission.<\/p>\n<p><img decoding=\"async\" src=\"https:\/\/www.europesays.com\/ch-fr\/wp-content\/uploads\/2026\/09\/SIPA_shutterstock41333062_000074XiP8uItqbX.jpg\" alt=\"Lors de la C\u00e9r\u00e9monie nationale du souvenir au C\u00e9notaphe, \u00e0 Londres, le 9 novembre 2025, le lieutenant-colonel Johnny Thompson porte une gerbe pour rendre hommage \u00e0 ceux qui ont perdu la vie au combat.\"\/><br \/>Lors de la C\u00e9r\u00e9monie nationale du souvenir au C\u00e9notaphe, \u00e0 Londres, le 9 novembre 2025, le lieutenant-colonel Johnny Thompson porte une gerbe pour rendre hommage \u00e0 ceux qui ont perdu la vie au combat.<br \/>\u00a9 Chris Jackson\/WPA Pool\/Shutterstock\/SIPA<img decoding=\"async\" src=\"https:\/\/www.europesays.com\/ch-fr\/wp-content\/uploads\/2026\/09\/GettyImages-1504180924zLnW02ZzUY.jpg\" alt=\"L'officier est pr\u00e9sent dans les tribunes de Royal Ascot en juin 2023.\"\/><br \/>L&rsquo;officier est pr\u00e9sent dans les tribunes de Royal Ascot en juin 2023.<br \/>\u00a9 \u00a0Max Mumby\/Indigo\/Getty Images<\/p>\n<p>Lire aussi &gt;&gt; <a target=\"_blank\" href=\"https:\/\/www.pointdevue.fr\/royal\/royaume-uni\/elisabeth-ii-a-lelysee-ce-menu-tres-precis-quelle-demandait-a-chaque-visite\" rel=\"nofollow noopener\">\u00c9lisabeth II \u00e0 l\u2019\u00c9lys\u00e9e : ce menu tr\u00e8s pr\u00e9cis qu\u2019elle demandait \u00e0 chaque visite<\/a><\/p>\n","protected":false},"excerpt":{"rendered":"C&rsquo;est une nouvelle qui va serrer plus d\u2019un c\u0153ur \u2013 voire, en briser quelques-uns. Le fid\u00e8le \u00e9cuyer du&hellip;\n","protected":false},"author":2,"featured_media":291066,"comment_status":"","ping_status":"","sticky":false,"template":"","format":"standard","meta":{"footnotes":"","_share_on_mastodon":"0"},"categories":[15],"tags":[158,157,113,112,159,23],"class_list":["post-291065","post","type-post","status-publish","format-standard","has-post-thumbnail","category-people","tag-celebrities","tag-celebrity","tag-divertissement","tag-entertainment","tag-people","tag-suisse"],"share_on_mastodon":{"url":"https:\/\/pubeurope.com\/@ch_fr\/117211497168357066","error":""},"_links":{"self":[{"href":"https:\/\/www.europesays.com\/ch-fr\/wp-json\/wp\/v2\/posts\/291065","targetHints":{"allow":["GET"]}}],"collection":[{"href":"https:\/\/www.europesays.com\/ch-fr\/wp-json\/wp\/v2\/posts"}],"about":[{"href":"https:\/\/www.europesays.com\/ch-fr\/wp-json\/wp\/v2\/types\/post"}],"author":[{"embeddable":true,"href":"https:\/\/www.europesays.com\/ch-fr\/wp-json\/wp\/v2\/users\/2"}],"replies":[{"embeddable":true,"href":"https:\/\/www.europesays.com\/ch-fr\/wp-json\/wp\/v2\/comments?post=291065"}],"version-history":[{"count":0,"href":"https:\/\/www.europesays.com\/ch-fr\/wp-json\/wp\/v2\/posts\/291065\/revisions"}],"wp:featuredmedia":[{"embeddable":true,"href":"https:\/\/www.europesays.com\/ch-fr\/wp-json\/wp\/v2\/media\/291066"}],"wp:attachment":[{"href":"https:\/\/www.europesays.com\/ch-fr\/wp-json\/wp\/v2\/media?parent=291065"}],"wp:term":[{"taxonomy":"category","embeddable":true,"href":"https:\/\/www.europesays.com\/ch-fr\/wp-json\/wp\/v2\/categories?post=291065"},{"taxonomy":"post_tag","embeddable":true,"href":"https:\/\/www.europesays.com\/ch-fr\/wp-json\/wp\/v2\/tags?post=291065"}],"curies":[{"name":"wp","href":"https:\/\/api.w.org\/{rel}","templated":true}]}}