{"id":291085,"date":"2026-09-04T07:21:09","date_gmt":"2026-09-04T07:21:09","guid":{"rendered":"https:\/\/www.europesays.com\/ch-fr\/291085\/"},"modified":"2026-09-04T07:21:09","modified_gmt":"2026-09-04T07:21:09","slug":"hollywood-est-paralyse-pourquoi-est-il-de-plus-en-plus-complique-de-faire-venir-des-stars-au-festival-de-deauville","status":"publish","type":"post","link":"https:\/\/www.europesays.com\/ch-fr\/291085\/","title":{"rendered":"\u00abHollywood est paralys\u00e9\u00bb\u00a0: pourquoi est-il de plus en plus compliqu\u00e9 de faire venir des stars au Festival de Deauville\u00a0?"},"content":{"rendered":"<p>\n                Article premium,<br \/>\n                    R\u00e9serv\u00e9 aux\u00a0abonn\u00e9s\n            <\/p>\n<p class=\"su-standfirst chapeau\">Depuis plusieurs ann\u00e9es maintenant, le contexte qui entoure les festivals de cin\u00e9ma se complexifie. Le Festival du cin\u00e9ma am\u00e9ricain de Deauville\u00a0(Calvados), qui d\u00e9bute ce vendredi 4\u00a0septembre 2026, ne d\u00e9roge pas \u00e0 la r\u00e8gle. Voici quelques \u00e9l\u00e9ments d\u2019explication.<\/p>\n<p>                                        <img decoding=\"async\" class=\"su-media\" src=\"https:\/\/www.europesays.com\/ch-fr\/wp-content\/uploads\/2026\/09\/MjAyNjA5MzNkMjUwYTE4NjQ3OTVmNTIxZDU1Zjk5NDAzOTRmYTM.webp\" alt=\"Lors de la 51e \u00e9dition du Festival de Deauville, l\u2019actrice Pamela Anderson avait inaugur\u00e9 sa cabine de plage sur les mythiques Planches de Deauville. \u00c0 chaque \u00e9dition, il est de plus en plus compliqu\u00e9 de faire venir des stars au Festival.\"  \/><\/p>\n<p>                            Lors de la 51e \u00e9dition du Festival de Deauville, l\u2019actrice Pamela Anderson avait inaugur\u00e9 sa cabine de plage sur les mythiques Planches de Deauville. \u00c0 chaque \u00e9dition, il est de plus en plus compliqu\u00e9 de faire venir des stars au Festival. | ARCHIVES MARTIN ROCHE \/ OUEST-FRANCE<\/p>\n<p>                            fermer<\/p>\n<p><img decoding=\"async\" data-ofmaxheight=\"\" class=\"su-media lazyload\" alt=\"Lors de la 51e \u00e9dition du Festival de Deauville, l\u2019actrice Pamela Anderson avait inaugur\u00e9 sa cabine de plage sur les mythiques Planches de Deauville. \u00c0 chaque \u00e9dition, il est de plus en plus compliqu\u00e9 de faire venir des stars au Festival.\" src=\"data:image\/png;base64,iVBORw0KGgoAAAANSUhEUgAAABAAAAAJCAYAAAA7KqwyAAAAGXRFWHRTb2Z0d2FyZQBBZG9iZSBJbWFnZVJlYWR5ccllPAAAABhJREFUeNpi\/P\/\/PwMlgHHUgFEDgAAgwAD+lBrvy+NcxAAAAABJRU5ErkJggg==\" data-oflazyload=\"{&quot;srcset&quot;:&quot;https:\/\/media.ouest-france.fr\/v1\/pictures\/MjAyNjA5MzNkMjUwYTE4NjQ3OTVmNTIxZDU1Zjk5NDAzOTRmYTM?width=320&amp;focuspoint=50%2C25&amp;cropresize=1&amp;client_id=bpeditorial&amp;sign=2ee063c61ce8988f3d6f3f02cbe2df89f763961aca609189f05cf3eb67590a5a 320w,https:\/\/media.ouest-france.fr\/v1\/pictures\/MjAyNjA5MzNkMjUwYTE4NjQ3OTVmNTIxZDU1Zjk5NDAzOTRmYTM?width=375&amp;focuspoint=50%2C25&amp;cropresize=1&amp;client_id=bpeditorial&amp;sign=1fa9c49d097fdd231025a1487be3039867c51809a649abc3b9f5befd84290cc0 360w,https:\/\/media.ouest-france.fr\/v1\/pictures\/MjAyNjA5MzNkMjUwYTE4NjQ3OTVmNTIxZDU1Zjk5NDAzOTRmYTM?width=480&amp;focuspoint=50%2C25&amp;cropresize=1&amp;client_id=bpeditorial&amp;sign=08e5a7eb09cb7dcdfa7be42a1395c8af29c0bda5338bde8bac63ec79fc6c1620 480w,https:\/\/media.ouest-france.fr\/v1\/pictures\/MjAyNjA5MzNkMjUwYTE4NjQ3OTVmNTIxZDU1Zjk5NDAzOTRmYTM?width=630&amp;focuspoint=50%2C25&amp;cropresize=1&amp;client_id=bpeditorial&amp;sign=5e2247c22d10f845cc82014a5b23bcd8044331c2f094fae8475ccc4509445af3 630w,https:\/\/media.ouest-france.fr\/v1\/pictures\/MjAyNjA5MzNkMjUwYTE4NjQ3OTVmNTIxZDU1Zjk5NDAzOTRmYTM?width=940&amp;focuspoint=50%2C25&amp;cropresize=1&amp;client_id=bpeditorial&amp;sign=a7a900c0751b74ce79ecd6eb5117f3507e8a89dc4c5767da6b6e77957457ac82 940w,https:\/\/media.ouest-france.fr\/v1\/pictures\/MjAyNjA5MzNkMjUwYTE4NjQ3OTVmNTIxZDU1Zjk5NDAzOTRmYTM?width=1260&amp;focuspoint=50%2C25&amp;cropresize=1&amp;client_id=bpeditorial&amp;sign=2e9b93ee37cb1fe8b683c1d0e7417a36eed083d815bd375a4b304412f62c8fd5 1260w&quot;}\"\/>Lors de la 51e \u00e9dition du Festival de Deauville, l\u2019actrice Pamela Anderson avait inaugur\u00e9 sa cabine de plage sur les mythiques Planches de Deauville. \u00c0 chaque \u00e9dition, il est de plus en plus compliqu\u00e9 de faire venir des stars au Festival. | ARCHIVES MARTIN ROCHE \/ OUEST-FRANCE                            <\/p>\n<p>Berlin, Venise, Cannes\u2026 De plus en plus d\u2019acteurs am\u00e9ricains d\u00e9sertent les festivals. Aude Hesbert, directrice d\u2019Hopscotch Cin\u00e9ma, organisateur <a href=\"https:\/\/www.ouest-france.fr\/cinema\/festival\/festival-de-deauville\/entretien-roschdy-zem-lamerique-nous-a-fait-rever-aujourdhui-elle-nous-fait-peur-d8edff8c-9bc8-11f1-bac9-b701f4b3457c\" target=\"_blank\" rel=\"nofollow noopener\">du Festival du cin\u00e9ma am\u00e9ricain de Deauville,<\/a> a donn\u00e9 le ton lors de la pr\u00e9sentation de cette 52e \u00e9dition qui s\u2019ouvre ce vendredi 4\u00a0septembre 2026. Pourquoi devient-il si compliqu\u00e9 de faire venir des stars sur nos tapis rouges\u00a0? Aude Hesbert donne des \u00e9l\u00e9ments de r\u00e9ponse\u00a0: La crise \u00e0 Hollywood est la principale r\u00e9ponse \u00e0 cette question,&#8230;<\/p>\n<p style=\"text-align: center; background-color: #dbbe4d; padding-top: 5px; padding-bottom: 5px; font-size: 14px;\">D\u00e9j\u00e0 abonn\u00e9 ? <a data-trkartmonet=\"Identification\" data-trk-sipa=\"{\" blockcategory=\"\" paywall=\"\" href=\"http:\/\/www.ouest-france.fr\/login?redirect=https:\/\/www.ouest-france.fr\/cinema\/festival\/festival-de-deauville\/hollywood-est-paralyse-pourquoi-est-il-de-plus-en-plus-complique-de-faire-venir-des-stars-au-festival-de-deauville-59538032-a7ab-11f1-95a1-d7cb1b3759ac\" rel=\"nofollow noopener\" title=\"Se connecter \u00e0 Ouest-France\" class=\"su-link-light\" target=\"_blank\">Connectez-vous<\/a><\/p>\n<p style=\"text-align: center; padding-top: 15px; padding-bottom: 8px; vertical-align: bottom;\">bloqu\u00e9 Pour lire la suite, abonnez-vous<\/p>\n<p style=\"text-align: center;\">1er mois \u00e0 1\u20ac<\/p>\n<p style=\"text-align: center; margin-top: -5px;\">Annulable \u00e0 tout moment<\/p>\n<p style=\"text-align: center;\">\u00a0<\/p>\n<p style=\"text-align: center;\"><a data-ida=\"\" data-trkartmonet=\"Tunnel OF+\" data-trk-sipa=\"{&#010;\" blockcategory=\"\" paywall=\"\" :=\"\" m=\"\" of=\"\" class=\"su-button su-subscription\" data-trk-bloc=\"paywall\" href=\"https:\/\/abonnement.ouest-france.fr\/tunnel\/pack-essentiel-article\/122096117101?int_medium=lien&amp;int_campaign=PWFR0225-OF&amp;int_content=page-article-payant_boutonjaune-paywall&amp;marquesource=OF&amp;rt=https:\/\/www.ouest-france.fr\/cinema\/festival\/festival-de-deauville\/hollywood-est-paralyse-pourquoi-est-il-de-plus-en-plus-complique-de-faire-venir-des-stars-au-festival-de-deauville-59538032-a7ab-11f1-95a1-d7cb1b3759ac\" rel=\"nofollow noopener\" target=\"_blank\">Je m&rsquo;abonne<\/a><\/p>\n<p style=\"text-align: center; padding-top: 10px; padding-bottom: 10px;\"><img decoding=\"async\" src=\"https:\/\/media.ouest-france.fr\/v1\/fonts\/be7723fcee3f1866f1ce99184077fc6f-carte-bancaire.svg?height=36\" alt=\"CB\"\/>\u00a0\u00a0<img decoding=\"async\" src=\"https:\/\/media.ouest-france.fr\/v1\/fonts\/1819d54c599d8afa64539cfba4ac9dde-rib.svg?height=36\" alt=\"RIB\"\/>\u00a0\u00a0<img decoding=\"async\" src=\"https:\/\/media.ouest-france.fr\/v1\/fonts\/065fc80d7b6a03d14a834c224ce723e1-paypal.svg?height=36\" alt=\"PAYPAL\"\/><\/p>\n","protected":false},"excerpt":{"rendered":"Article premium, R\u00e9serv\u00e9 aux\u00a0abonn\u00e9s Depuis plusieurs ann\u00e9es maintenant, le contexte qui entoure les festivals de cin\u00e9ma se complexifie.&hellip;\n","protected":false},"author":2,"featured_media":291086,"comment_status":"","ping_status":"","sticky":false,"template":"","format":"standard","meta":{"footnotes":"","_share_on_mastodon":"0"},"categories":[15],"tags":[158,157,384,6947,113,112,38746,1987,6644,159,23,6948],"class_list":["post-291085","post","type-post","status-publish","format-standard","has-post-thumbnail","category-people","tag-celebrities","tag-celebrity","tag-cinema","tag-deauville","tag-divertissement","tag-entertainment","tag-festival-de-deauville","tag-industrie","tag-normandie","tag-people","tag-suisse","tag-trouville-sur-mer"],"share_on_mastodon":{"url":"https:\/\/pubeurope.com\/@ch_fr\/117211567928673222","error":""},"_links":{"self":[{"href":"https:\/\/www.europesays.com\/ch-fr\/wp-json\/wp\/v2\/posts\/291085","targetHints":{"allow":["GET"]}}],"collection":[{"href":"https:\/\/www.europesays.com\/ch-fr\/wp-json\/wp\/v2\/posts"}],"about":[{"href":"https:\/\/www.europesays.com\/ch-fr\/wp-json\/wp\/v2\/types\/post"}],"author":[{"embeddable":true,"href":"https:\/\/www.europesays.com\/ch-fr\/wp-json\/wp\/v2\/users\/2"}],"replies":[{"embeddable":true,"href":"https:\/\/www.europesays.com\/ch-fr\/wp-json\/wp\/v2\/comments?post=291085"}],"version-history":[{"count":0,"href":"https:\/\/www.europesays.com\/ch-fr\/wp-json\/wp\/v2\/posts\/291085\/revisions"}],"wp:featuredmedia":[{"embeddable":true,"href":"https:\/\/www.europesays.com\/ch-fr\/wp-json\/wp\/v2\/media\/291086"}],"wp:attachment":[{"href":"https:\/\/www.europesays.com\/ch-fr\/wp-json\/wp\/v2\/media?parent=291085"}],"wp:term":[{"taxonomy":"category","embeddable":true,"href":"https:\/\/www.europesays.com\/ch-fr\/wp-json\/wp\/v2\/categories?post=291085"},{"taxonomy":"post_tag","embeddable":true,"href":"https:\/\/www.europesays.com\/ch-fr\/wp-json\/wp\/v2\/tags?post=291085"}],"curies":[{"name":"wp","href":"https:\/\/api.w.org\/{rel}","templated":true}]}}