{"id":291095,"date":"2026-09-04T07:28:09","date_gmt":"2026-09-04T07:28:09","guid":{"rendered":"https:\/\/www.europesays.com\/ch-fr\/291095\/"},"modified":"2026-09-04T07:28:09","modified_gmt":"2026-09-04T07:28:09","slug":"quentin-halys-pousse-alexander-zverev-a-la-limite-mais-craque-au-deuxieme-tour-lequipe","status":"publish","type":"post","link":"https:\/\/www.europesays.com\/ch-fr\/291095\/","title":{"rendered":"Quentin Halys pousse Alexander Zverev \u00e0 la limite mais craque au deuxi\u00e8me tour &#8211; L&#039;\u00c9quipe"},"content":{"rendered":"<p><a href=\"https:\/\/news.google.com\/rss\/articles\/CBMixgFBVV95cUxPeWFDMmJ2T09VQ2h0Y2FfRHBsTThqbDUzdjVMZ0JDU05NNUFhcEhybG5kcVZWLW1OVkFCVXMyazYyVnluWHFKa2tVN3hGeFg5aHBiejFVTnpjU2pHM1JZOUlGNlV5d0pqNi1xdDl3UmxjZG1XOWNtZ3V4SmpMQnZzclNFUDJQenIySm9FRjk3Q2dkOWg0b2pNUmZ4X3MtaTg4aURqM043M2xhOXg4WXBISXhWRVN0MzRrTkZ5dWRzQzlJbGttMXc?oc=5\" target=\"_blank\" rel=\"nofollow noopener\">Quentin Halys pousse Alexander Zverev \u00e0 la limite mais craque au deuxi\u00e8me tour<\/a>&nbsp;&nbsp;L&rsquo;\u00c9quipe<a href=\"https:\/\/news.google.com\/rss\/articles\/CBMizwFBVV95cUxQaWh3WHZpV19hcmQ4TVRNd2JsWEdLcTA2QmpXYzViTFVNNVlQQklHSXJITUhwbmpnWDlzNUhaLXA5MkRVd2VGZWR4R2dNdC1SZ2trQVdadlpLbDJSODV4YWc5Q2kyUDI5TFdSeDRKLXV5MVN4RDdtMUFvRl90RGR4MTVnWlM4b2ZnbG1qNnZzVHI0LUVpU19zZ0RmLUp0WU5GZHlrWW1OSktvNmdzQ3EtRzNoeDJiNzhoS2V6SVo3WFdYaktqNHFUaXFkcF9EMU0?oc=5\" target=\"_blank\" rel=\"nofollow noopener\">US Open &gt; Lorenzo Sonego, apr\u00e8s sa d\u00e9faite en cinq sets contre Alexander Zverev : \u00ab\u00a0Je ne pouvais pas r\u00eaver mieux\u00a0\u00bb<\/a>&nbsp;&nbsp;We Love Tennis<a href=\"https:\/\/news.google.com\/rss\/articles\/CBMi7AFBVV95cUxPbzNqdEw1NjJWTTJMUmNNSGgyU3ZSU1V4ZmdjLVJVVUdHSGh2TXBsc0xyZklqY1V6UHNpeno3LTJLOVp5N3hUZ29JUTRSYjFZY0U0MDJOQWpsOUcxR2N4WllndkZXMUJWRkRDTXppUE5BbUhRNkJIMEg0eWlMV3RaYmxlQkFkbmJ5eUV4djdOTmhJWGZKQllDbHVERk1mQ2JBVFA5UDl1Ykhwemp6MTZnMFZ5bDhOSVRIbzNoeEd2UFlQY2pURkF0WmxscTR2UVB1SkhkSEswNTNmVG5KMlI4cW5NczJpck4wWVhsYw?oc=5\" target=\"_blank\" rel=\"nofollow noopener\">2h15 du matin : Zverev survit au pi\u00e8ge propos\u00e9 par Halys<\/a>&nbsp;&nbsp;Eurosport<a href=\"https:\/\/news.google.com\/rss\/articles\/CBMiqgFBVV95cUxPeWp1N0NTcWxTTi1jRll1SjFuXy1ZNWFDcW5jRk4zYXpJNmVTR0ZQaFlWN2hCUXFYY2xmTndhVDZnWmFTUmpJYXlFWUZSZ3Q4akFJWm9wZHRMdF81RWFNTjhHajV0Z3VQdjhyMk1hZElYRlVnaDBpZzNhbF9XLV9CWU9ieDlwbnpWWjdWVFU0Tjd2Z1ZqZUlEN0F3LXl5Rl9adFRubFZveUJFQQ?oc=5\" target=\"_blank\" rel=\"nofollow noopener\">US Open: Halys a pouss\u00e9 Zverev au 5e set mais a c\u00e9d\u00e9<\/a>&nbsp;&nbsp;Le Figaro<a href=\"https:\/\/news.google.com\/rss\/articles\/CBMi8gFBVV95cUxPbjc1Q0c0UHMzZGJJVXppbkJUcVNIWHJKbFA3ekR5aVM4NXFNOWVucm1reTBZZFMwLVpDSG9rSTdPUzM2blNQck5pNm05TXY5RFFuMC1icFl5UHJrSWZzZ0s0ZzdwV0pfdWNaOVlFT3QybmNyVkN6bmpWRGRia01kUHZBakJMMnFHWVlfUWtIempON1FNMXp4UmE2bG5KZEhDWGRQX3FHeHpsbE4zUEZ5a1NnYTFpWkxBa1RXd1lQTGdHX2ZhcDlxb3JEWUlyNXJoX3VmWEpXN3dqOWZsUC1wTnBwZEg0LU1EOG1LV0hOSkRadw?oc=5\" target=\"_blank\" rel=\"nofollow noopener\">US Open. Accroch\u00e9 par Quentin Halys, Alexander Zverev file au troisi\u00e8me tour<\/a>&nbsp;&nbsp;Ouest-France<\/p>\n","protected":false},"excerpt":{"rendered":"Quentin Halys pousse Alexander Zverev \u00e0 la limite mais craque au deuxi\u00e8me tour&nbsp;&nbsp;L&rsquo;\u00c9quipeUS Open &gt; Lorenzo Sonego, apr\u00e8s&hellip;\n","protected":false},"author":2,"featured_media":291096,"comment_status":"","ping_status":"","sticky":false,"template":"","format":"standard","meta":{"footnotes":"","_share_on_mastodon":"0"},"categories":[8],"tags":[21075,23232,51549,17521,75,23,4344,42963],"class_list":["post-291095","post","type-post","status-publish","format-standard","has-post-thumbnail","category-sports","tag-alexander-zverev","tag-franck-ramella","tag-quentin-halys","tag-resumes-et-cr","tag-sports","tag-suisse","tag-tennis","tag-us-open"],"share_on_mastodon":{"url":"https:\/\/pubeurope.com\/@ch_fr\/117211595090966341","error":""},"_links":{"self":[{"href":"https:\/\/www.europesays.com\/ch-fr\/wp-json\/wp\/v2\/posts\/291095","targetHints":{"allow":["GET"]}}],"collection":[{"href":"https:\/\/www.europesays.com\/ch-fr\/wp-json\/wp\/v2\/posts"}],"about":[{"href":"https:\/\/www.europesays.com\/ch-fr\/wp-json\/wp\/v2\/types\/post"}],"author":[{"embeddable":true,"href":"https:\/\/www.europesays.com\/ch-fr\/wp-json\/wp\/v2\/users\/2"}],"replies":[{"embeddable":true,"href":"https:\/\/www.europesays.com\/ch-fr\/wp-json\/wp\/v2\/comments?post=291095"}],"version-history":[{"count":0,"href":"https:\/\/www.europesays.com\/ch-fr\/wp-json\/wp\/v2\/posts\/291095\/revisions"}],"wp:featuredmedia":[{"embeddable":true,"href":"https:\/\/www.europesays.com\/ch-fr\/wp-json\/wp\/v2\/media\/291096"}],"wp:attachment":[{"href":"https:\/\/www.europesays.com\/ch-fr\/wp-json\/wp\/v2\/media?parent=291095"}],"wp:term":[{"taxonomy":"category","embeddable":true,"href":"https:\/\/www.europesays.com\/ch-fr\/wp-json\/wp\/v2\/categories?post=291095"},{"taxonomy":"post_tag","embeddable":true,"href":"https:\/\/www.europesays.com\/ch-fr\/wp-json\/wp\/v2\/tags?post=291095"}],"curies":[{"name":"wp","href":"https:\/\/api.w.org\/{rel}","templated":true}]}}