{"id":291105,"date":"2026-09-04T07:39:13","date_gmt":"2026-09-04T07:39:13","guid":{"rendered":"https:\/\/www.europesays.com\/ch-fr\/291105\/"},"modified":"2026-09-04T07:39:13","modified_gmt":"2026-09-04T07:39:13","slug":"a-paris-celine-dion-fait-deja-le-show","status":"publish","type":"post","link":"https:\/\/www.europesays.com\/ch-fr\/291105\/","title":{"rendered":"\u00c0 Paris, C\u00e9line Dion fait d\u00e9j\u00e0 le show"},"content":{"rendered":"<p data-ofstats-scroll=\"read_depth_20\">\u00ab\u00a0Allez, juste un coucou\u00a0!\u00a0\u00bb, s\u2019\u00e9crie une fan \u00e0 bout de patience devant le palace parisien o\u00f9 s\u2019attroupent chaque jour des admirateurs de C\u00e9line Dion, d\u00e9termin\u00e9s \u00e0 apercevoir la star mondiale, qui les gratifie parfois d\u2019\u00e9changes improvis\u00e9s.<\/p>\n<p data-ofstats-scroll=\"read_depth_30\">Sourires, pas de danse, questions-r\u00e9ponses, paroles chantonn\u00e9es\u00a0: la chanteuse qu\u00e9b\u00e9coise multiplie les interactions avec ses admirateurs, depuis son arriv\u00e9e la semaine derni\u00e8re au Royal Monceau pour une s\u00e9rie de concert qui d\u00e9butera le 12\u00a0septembre.<\/p>\n<p data-ofstats-scroll=\"read_depth_40\">\u00abC\u2019est au petit bonheur la chance\u00a0\u00bb, souffle Pascal, responsable comptabilit\u00e9 et fid\u00e8le depuis 1995 des concerts de la chanteuse en France, qui n\u2019a pas souhait\u00e9 donner son nom.<\/p>\n<p data-ofstats-scroll=\"read_depth_50\">Post\u00e9s comme lui sur le trottoir de la contre-all\u00e9e de l\u2019h\u00f4tel, une centaine de badauds font le pied de grue derri\u00e8re des barri\u00e8res de s\u00e9curit\u00e9.<\/p>\n<p data-ofstats-scroll=\"read_depth_60\">La star a pris ses quartiers dans ce c\u00e9l\u00e8bre palace parisien, \u00e0 500\u00a0m\u00e8tres de l\u2019Arc de Triomphe.<\/p>\n<p data-ofstats-scroll=\"read_depth_60\">Parfois la patience paie.<\/p>\n<p data-ofstats-scroll=\"read_depth_80\">Mardi soir vers 19\u00a0heures, la diva est sortie sous les acclamations. V\u00eatue d\u2019une robe en cuir, elle a salu\u00e9 la foule, tout sourire. Ses looks travaill\u00e9s contrastent avec sa spontan\u00e9it\u00e9\u00a0: elle se met \u00e0 mimer les paroles de son tube \u00ab\u00a0Pour que tu m\u2019aimes encore\u00a0\u00bb (1995), chant\u00e9 par ses fans.<\/p>\n<p data-ofstats-scroll=\"read_depth_80\">\u00abElle a fait un show, c\u2019\u00e9tait \u00e9mouvant, incroyable, j\u2019ai eu les frissons\u00a0\u00bb, raconte St\u00e9phanie, employ\u00e9e dans le quartier.<\/p>\n<p data-ofstats-scroll=\"read_depth_100\">C\u00e9line Dion avait d\u00e9j\u00e0 pris le temps, lundi soir, de discuter avec son comit\u00e9 d\u2019accueil, berc\u00e9e par des \u00abMerci C\u00e9line\u00a0!\u00a0\u00bb et \u00abOn t\u2019aime C\u00e9line\u00a0!\u00a0\u00bb.<\/p>\n","protected":false},"excerpt":{"rendered":"\u00ab\u00a0Allez, juste un coucou\u00a0!\u00a0\u00bb, s\u2019\u00e9crie une fan \u00e0 bout de patience devant le palace parisien o\u00f9 s\u2019attroupent chaque&hellip;\n","protected":false},"author":2,"featured_media":291106,"comment_status":"","ping_status":"","sticky":false,"template":"","format":"standard","meta":{"footnotes":"","_share_on_mastodon":"0"},"categories":[15],"tags":[158,157,6521,648,113,112,159,23,109],"class_list":["post-291105","post","type-post","status-publish","format-standard","has-post-thumbnail","category-people","tag-celebrities","tag-celebrity","tag-celine-dion","tag-concert","tag-divertissement","tag-entertainment","tag-people","tag-suisse","tag-une"],"share_on_mastodon":{"url":"https:\/\/pubeurope.com\/@ch_fr\/117211638183688416","error":""},"_links":{"self":[{"href":"https:\/\/www.europesays.com\/ch-fr\/wp-json\/wp\/v2\/posts\/291105","targetHints":{"allow":["GET"]}}],"collection":[{"href":"https:\/\/www.europesays.com\/ch-fr\/wp-json\/wp\/v2\/posts"}],"about":[{"href":"https:\/\/www.europesays.com\/ch-fr\/wp-json\/wp\/v2\/types\/post"}],"author":[{"embeddable":true,"href":"https:\/\/www.europesays.com\/ch-fr\/wp-json\/wp\/v2\/users\/2"}],"replies":[{"embeddable":true,"href":"https:\/\/www.europesays.com\/ch-fr\/wp-json\/wp\/v2\/comments?post=291105"}],"version-history":[{"count":0,"href":"https:\/\/www.europesays.com\/ch-fr\/wp-json\/wp\/v2\/posts\/291105\/revisions"}],"wp:featuredmedia":[{"embeddable":true,"href":"https:\/\/www.europesays.com\/ch-fr\/wp-json\/wp\/v2\/media\/291106"}],"wp:attachment":[{"href":"https:\/\/www.europesays.com\/ch-fr\/wp-json\/wp\/v2\/media?parent=291105"}],"wp:term":[{"taxonomy":"category","embeddable":true,"href":"https:\/\/www.europesays.com\/ch-fr\/wp-json\/wp\/v2\/categories?post=291105"},{"taxonomy":"post_tag","embeddable":true,"href":"https:\/\/www.europesays.com\/ch-fr\/wp-json\/wp\/v2\/tags?post=291105"}],"curies":[{"name":"wp","href":"https:\/\/api.w.org\/{rel}","templated":true}]}}