{"id":291109,"date":"2026-09-04T07:42:25","date_gmt":"2026-09-04T07:42:25","guid":{"rendered":"https:\/\/www.europesays.com\/ch-fr\/291109\/"},"modified":"2026-09-04T07:42:25","modified_gmt":"2026-09-04T07:42:25","slug":"en-zone-rurale-loffre-culturelle-est-deja-moindre-en-centre-bretagne-les-auditeurs-de-france-musique-orphelins-de-leur-station-radio","status":"publish","type":"post","link":"https:\/\/www.europesays.com\/ch-fr\/291109\/","title":{"rendered":"\u00ab\u00a0En zone rurale, l\u2019offre culturelle est d\u00e9j\u00e0 moindre\u00a0\u00bb\u00a0: en Centre-Bretagne, les auditeurs de France Musique orphelins de leur station radio"},"content":{"rendered":"<p>\u00c0 quelques exceptions &#8211; <a href=\"https:\/\/www.lecanardenchaine.fr\/medias\/54568-de-france-musique-a-france-mutique\" target=\"_blank\" rel=\"nofollow noopener\">\u00e0 l\u2019image du Canard Encha\u00een\u00e9<\/a> -, l\u2019information n\u2019a pas fait grand bruit au c\u0153ur de l\u2019\u00e9t\u00e9. Pourtant, le silence qui lui succ\u00e8de est saisissant\u00a0: celui de France Musique, dont la fr\u00e9quence s\u2019est \u00e9teinte sur la bande FM en Centre-Bretagne. Une coupure qui fait suite \u00e0 \u00ab\u00a0<a href=\"https:\/\/www.radiofrance.com\/actualite\/partir-du-22-juillet-une-partie-des-frequences-fm-de-radio-france-evolue-quest-ce-qui\" target=\"_blank\" rel=\"nofollow noopener\">l\u2019\u00e9volution d\u2019une partie de son r\u00e9seau<\/a>\u00a0\u00bb annonc\u00e9e par Radio France le 22 juillet.<\/p>\n<p>Une d\u00e9cision assum\u00e9e par la direction de la station publique\u00a0: \u00ab\u00a0Cette permutation entre les r\u00e9seaux de France Musique et de France Info vise \u00e0 r\u00e9duire nos co\u00fbts de diffusion tout en renfor\u00e7ant la couverture de notre offre d\u2019information, en accompagnant l\u2019audience de France Musique vers le DAB + (la radio num\u00e9rique terrestre, NDLR)\u00a0\u00bb, justifie Charles-Emmanuel Bon, secr\u00e9taire g\u00e9n\u00e9ral de Radio France. Des \u00e9conomies qui se traduisent par \u00ab\u00a0la suppression d\u2019environ 300 \u00e9metteurs, soit 12\u00a0% du parc total, et donc une r\u00e9duction du nombre d\u2019\u00e9metteurs attribu\u00e9s \u00e0 France Musique\u00a0\u00bb.<\/p>\n<p><img decoding=\"async\" src=\"https:\/\/www.europesays.com\/ch-fr\/wp-content\/uploads\/2026\/09\/6a9834450b401d2c3a0d52ca.1.jpeg\" width=\"480\" height=\"300\" class=\"web_golden_m\" loading=\"lazy\" alt=\"Depuis le 22\u00a0juillet, c\u2019est silence radio pour France Musique dans le Centre-Bretagne. De Rostrenen \u00e0 Huelgoat en passant par Carhaix, la station publique est inaudible sur la bande FM, alors que le r\u00e9seau DAB\u00a0+\u00a0n\u2019est pas encore fonctionnel sur le secteur.\"\/>Depuis le 22\u00a0juillet, c\u2019est silence radio pour France Musique dans le Centre-Bretagne. De Rostrenen \u00e0 Huelgoat en passant par Carhaix, la station publique est inaudible sur la bande FM, alors que le r\u00e9seau DAB\u00a0+\u00a0n\u2019est pas encore fonctionnel sur le secteur. (Photo d\u2019illustration Le T\u00e9l\u00e9gramme\/Claude Prigent)Un appareil compatible n\u2019y changera rien<\/p>\n<p>Avec ce coup de rabot, Radio France esp\u00e8re r\u00e9aliser une \u00e9conomie de 3,9 millions d\u2019euros, avec le risque de rogner sur l\u2019auditoire de France Musique. Comme l\u2019explique Charles-Emmanuel Bon\u00a0: \u00ab\u00a0En termes de population, France Musique couvrait un peu plus de 9 Fran\u00e7ais sur 10 en FM, elle en couvre d\u00e9sormais 7 sur 10. Parall\u00e8lement, le DAB + touche d\u00e9j\u00e0 plus de 8 Fran\u00e7ais sur 10, et devrait atteindre une couverture de 85\u00a0% d\u2019ici la fin de l\u2019ann\u00e9e\u00a0\u00bb.<\/p>\n<p>C\u2019est pr\u00e9cis\u00e9ment dans cet \u00e9cart que le b\u00e2t blesse en Centre-Bretagne\u00a0: le secteur n\u2019\u00e9tant pas encore desservi par la radio num\u00e9rique terrestre, les auditeurs se retrouvent mis de c\u00f4t\u00e9. \u00ab\u00a0Mes appareils de r\u00e9ception ne sont pas \u00e9quip\u00e9s du DAB +, pr\u00e9conis\u00e9 par Radio France\u00a0\u00bb, explique Guy Morvan, qui habite Carhaix. Une d\u00e9ception partag\u00e9e par Marie-Claire\u00a0: \u00ab\u00a0J\u2019\u00e9tais d\u00e9sol\u00e9e de constater la disparition de ma station pr\u00e9f\u00e9r\u00e9e. Ayant cru que je pouvais \u00e0 nouveau la capter avec une radio DAB, j\u2019ai m\u00eame fait l\u2019acquisition d\u2019un nouveau poste\u2026 Pour d\u00e9couvrir que Carhaix et sa r\u00e9gion ne sont pas couverts\u00a0\u00bb, confie cette retrait\u00e9e de l\u2019enseignement.<\/p>\n<p><img decoding=\"async\" src=\"https:\/\/www.europesays.com\/ch-fr\/wp-content\/uploads\/2026\/09\/6a9834456cf6de3ecb0e8361.1.jpeg\" width=\"480\" height=\"300\" class=\"web_golden_m\" loading=\"lazy\" alt=\"Peu importe l\u2019appareil, la station France Musique n\u2019est plus audible sur la bande FM dans le Centre-Bretagne, de Huelgoat \u00e0 Loud\u00e9ac en passant par Carhaix, Gourin et Rostrenen.\"\/>Peu importe l\u2019appareil, la station France Musique n\u2019est plus audible sur la bande FM dans le Centre-Bretagne, de Huelgoat \u00e0 Loud\u00e9ac en passant par Carhaix, Gourin et Rostrenen. (Le T\u00e9l\u00e9gramme\/Baptiste Avril)Une d\u00e9cision per\u00e7ue comme discriminatoire<\/p>\n<p>M\u00eame constat pour Dominique, retrait\u00e9 de 65 ans\u00a0: \u00ab\u00a0Dans le brouhaha permanent des cha\u00eenes d\u2019information ou musicales priv\u00e9es, trouver un lieu d\u2019\u00e9coute o\u00f9 r\u00e8gne la s\u00e9r\u00e9nit\u00e9, le recul sur l\u2019information, ainsi que de larges plages de calme et beaucoup de tranquillit\u00e9 m\u2019est indispensable\u00a0\u00bb.<\/p>\n<p>Face aux critiques, la direction d\u00e9fend son arbitrage\u00a0: \u00ab\u00a0Il n\u2019y a aucun m\u00e9pris. Ce sont des arbitrages difficiles en p\u00e9riode de restrictions budg\u00e9taires. Nous avons cherch\u00e9 \u00e0 minimiser l\u2019impact et \u00e0 transformer cette contrainte en opportunit\u00e9 de modernisation afin d\u2019offrir un meilleur service \u00e0 terme\u00a0\u00bb, argumente Charles-Emmanuel Bon.<\/p>\n<p>Mais sur le terrain, c\u2019est le sentiment d\u2019abandon qui domine. \u00ab\u00a0En zone rurale, l\u2019offre culturelle est d\u00e9j\u00e0 moindre, et c\u2019est l\u00e0 qu\u2019on r\u00e9duit l\u2019acc\u00e8s \u00e0 la radio\u00a0\u00bb, d\u00e9plore Guy Morvan. Un constat amer scell\u00e9 par Marie-Claire pour qui \u00ab\u00a0la peine a d\u00e9sormais laiss\u00e9 place \u00e0 la col\u00e8re\u00a0\u00bb face \u00e0 ce qu\u2019elle ressent comme du m\u00e9pris envers la France rurale.<\/p>\n","protected":false},"excerpt":{"rendered":"\u00c0 quelques exceptions &#8211; \u00e0 l\u2019image du Canard Encha\u00een\u00e9 -, l\u2019information n\u2019a pas fait grand bruit au c\u0153ur&hellip;\n","protected":false},"author":2,"featured_media":291110,"comment_status":"","ping_status":"","sticky":false,"template":"","format":"standard","meta":{"footnotes":"","_share_on_mastodon":"0"},"categories":[12],"tags":[3815,2714,113,112,2716,45564,24169,359,140,141,117,14497,19910,23],"class_list":["post-291109","post","type-post","status-publish","format-standard","has-post-thumbnail","category-musique","tag-bretagne","tag-carhaix-plouguer","tag-divertissement","tag-entertainment","tag-finistere","tag-huelgoat","tag-loudeac","tag-media","tag-music","tag-musique","tag-radio","tag-rostrenen","tag-services","tag-suisse"],"share_on_mastodon":{"url":"https:\/\/pubeurope.com\/@ch_fr\/117211650626394158","error":""},"_links":{"self":[{"href":"https:\/\/www.europesays.com\/ch-fr\/wp-json\/wp\/v2\/posts\/291109","targetHints":{"allow":["GET"]}}],"collection":[{"href":"https:\/\/www.europesays.com\/ch-fr\/wp-json\/wp\/v2\/posts"}],"about":[{"href":"https:\/\/www.europesays.com\/ch-fr\/wp-json\/wp\/v2\/types\/post"}],"author":[{"embeddable":true,"href":"https:\/\/www.europesays.com\/ch-fr\/wp-json\/wp\/v2\/users\/2"}],"replies":[{"embeddable":true,"href":"https:\/\/www.europesays.com\/ch-fr\/wp-json\/wp\/v2\/comments?post=291109"}],"version-history":[{"count":0,"href":"https:\/\/www.europesays.com\/ch-fr\/wp-json\/wp\/v2\/posts\/291109\/revisions"}],"wp:featuredmedia":[{"embeddable":true,"href":"https:\/\/www.europesays.com\/ch-fr\/wp-json\/wp\/v2\/media\/291110"}],"wp:attachment":[{"href":"https:\/\/www.europesays.com\/ch-fr\/wp-json\/wp\/v2\/media?parent=291109"}],"wp:term":[{"taxonomy":"category","embeddable":true,"href":"https:\/\/www.europesays.com\/ch-fr\/wp-json\/wp\/v2\/categories?post=291109"},{"taxonomy":"post_tag","embeddable":true,"href":"https:\/\/www.europesays.com\/ch-fr\/wp-json\/wp\/v2\/tags?post=291109"}],"curies":[{"name":"wp","href":"https:\/\/api.w.org\/{rel}","templated":true}]}}