{"id":291115,"date":"2026-09-04T07:46:17","date_gmt":"2026-09-04T07:46:17","guid":{"rendered":"https:\/\/www.europesays.com\/ch-fr\/291115\/"},"modified":"2026-09-04T07:46:17","modified_gmt":"2026-09-04T07:46:17","slug":"edin-dzeko-prendra-sa-retraite-internationale-en-octobre","status":"publish","type":"post","link":"https:\/\/www.europesays.com\/ch-fr\/291115\/","title":{"rendered":"Edin Dzeko prendra sa retraite internationale en octobre"},"content":{"rendered":"<p class=\"wysiwyg-h2\">L&rsquo;attaquant bosnien Edin Dzeko, capitaine des Dragons depuis 12 ans, a annonc\u00e9 sa prochaine retraite internationale. Le match d&rsquo;adieu est pr\u00e9vu le 2 octobre contre la Su\u00e8de en Ligue des nations.<\/p>\n<p>&lsquo;Le moment est venu de passer le relais. Si j&rsquo;ai port\u00e9 les couleurs de l&rsquo;\u00e9quipe nationale jusqu&rsquo;\u00e0 l&rsquo;\u00e2ge de 40 ans, c&rsquo;est parce que j&rsquo;ai vraiment donn\u00e9 tout ce que j&rsquo;ai pu donner. A chaque fois. Absolument tout&rsquo;, a \u00e9crit Dzeko dans un message en anglais diffus\u00e9 sur les r\u00e9seaux sociaux.<\/p>\n<p>Dzeko est \u00e0 la fois le joueur le plus cap\u00e9 (151 capes) et le meilleur marqueur (73 buts) de l&rsquo;histoire de la s\u00e9lection de Bosnie-Herz\u00e9govine.<\/p>\n<p>Il avait commenc\u00e9 sa carri\u00e8re internationale en juin 2007 contre la Turquie et h\u00e9rit\u00e9 en 2014 du brassard de capitaine port\u00e9 auparavant par Emir Spahic.<\/p>\n<p>L&rsquo;ancien joueur de Wolfsburg, Manchester City et l&rsquo;AS Rome a prolong\u00e9 d\u00e9but ao\u00fbt son contrat avec Schalke 04, jusqu&rsquo;\u00e0 l&rsquo;\u00e9t\u00e9 2027. Il a rejoint le club allemand en janvier 2026, en provenance de la Fiorentina, et l&rsquo;a aid\u00e9 \u00e0 remonter en Bundesliga.<\/p>\n<p>Le match devrait \u00eatre disput\u00e9 \u00e0 Zenica, en Bosnie centrale.<\/p>\n<p> \/ATS<\/p>\n","protected":false},"excerpt":{"rendered":"L&rsquo;attaquant bosnien Edin Dzeko, capitaine des Dragons depuis 12 ans, a annonc\u00e9 sa prochaine retraite internationale. Le match&hellip;\n","protected":false},"author":2,"featured_media":291116,"comment_status":"","ping_status":"","sticky":false,"template":"","format":"standard","meta":{"footnotes":"","_share_on_mastodon":"0"},"categories":[8],"tags":[121,124,128,119,122,123,118,136,132,131,133,130,135,120,126,117,125,114,115,116,75,23,129,127,134],"class_list":["post-291115","post","type-post","status-publish","format-standard","has-post-thumbnail","category-sports","tag-ajoie","tag-animation","tag-bienne","tag-delemont","tag-franches-montagnes","tag-frequence","tag-jura","tag-jura-bernois","tag-la-chaux-de-fonds","tag-moutier","tag-neuchatel","tag-neuveville","tag-payerne","tag-porrentruy","tag-publicite","tag-radio","tag-redaction","tag-rfj","tag-rjb","tag-rtn","tag-sports","tag-suisse","tag-tavannes","tag-vallon-de-st-imier","tag-yverdon"],"share_on_mastodon":{"url":"https:\/\/pubeurope.com\/@ch_fr\/117211666009363193","error":""},"_links":{"self":[{"href":"https:\/\/www.europesays.com\/ch-fr\/wp-json\/wp\/v2\/posts\/291115","targetHints":{"allow":["GET"]}}],"collection":[{"href":"https:\/\/www.europesays.com\/ch-fr\/wp-json\/wp\/v2\/posts"}],"about":[{"href":"https:\/\/www.europesays.com\/ch-fr\/wp-json\/wp\/v2\/types\/post"}],"author":[{"embeddable":true,"href":"https:\/\/www.europesays.com\/ch-fr\/wp-json\/wp\/v2\/users\/2"}],"replies":[{"embeddable":true,"href":"https:\/\/www.europesays.com\/ch-fr\/wp-json\/wp\/v2\/comments?post=291115"}],"version-history":[{"count":0,"href":"https:\/\/www.europesays.com\/ch-fr\/wp-json\/wp\/v2\/posts\/291115\/revisions"}],"wp:featuredmedia":[{"embeddable":true,"href":"https:\/\/www.europesays.com\/ch-fr\/wp-json\/wp\/v2\/media\/291116"}],"wp:attachment":[{"href":"https:\/\/www.europesays.com\/ch-fr\/wp-json\/wp\/v2\/media?parent=291115"}],"wp:term":[{"taxonomy":"category","embeddable":true,"href":"https:\/\/www.europesays.com\/ch-fr\/wp-json\/wp\/v2\/categories?post=291115"},{"taxonomy":"post_tag","embeddable":true,"href":"https:\/\/www.europesays.com\/ch-fr\/wp-json\/wp\/v2\/tags?post=291115"}],"curies":[{"name":"wp","href":"https:\/\/api.w.org\/{rel}","templated":true}]}}