{"id":291119,"date":"2026-09-04T07:49:23","date_gmt":"2026-09-04T07:49:23","guid":{"rendered":"https:\/\/www.europesays.com\/ch-fr\/291119\/"},"modified":"2026-09-04T07:49:23","modified_gmt":"2026-09-04T07:49:23","slug":"yemen-plus-de-80-morts-dans-les-affrontements-depuis-jeudi","status":"publish","type":"post","link":"https:\/\/www.europesays.com\/ch-fr\/291119\/","title":{"rendered":"Y\u00e9men: plus de 80 morts dans les affrontements depuis jeudi"},"content":{"rendered":"<p class=\"wysiwyg-h2\">Plus de 80 combattants ont \u00e9t\u00e9 tu\u00e9s au Y\u00e9men depuis jeudi dans des affrontements entre les forces progouvernementales et les rebelles houthis, ont indiqu\u00e9 vendredi des sources dans les deux camps.<\/p>\n<p>Un responsable militaire en poste sur la rive de la mer Rouge et un autre dans la r\u00e9gion de Ta\u00ebz, plus \u00e0 l&rsquo;int\u00e9rieur des terres, ont fait \u00e9tat respectivement de la mort de 24 et 15 membres des forces progouvernementales. C\u00f4t\u00e9 rebelles, au moins 42 combattants ont \u00e9t\u00e9 tu\u00e9s, selon des sources m\u00e9dicales dans les zones sous le contr\u00f4le des Houthis.<\/p>\n<p> \/ATS<\/p>\n","protected":false},"excerpt":{"rendered":"Plus de 80 combattants ont \u00e9t\u00e9 tu\u00e9s au Y\u00e9men depuis jeudi dans des affrontements entre les forces progouvernementales&hellip;\n","protected":false},"author":2,"featured_media":291120,"comment_status":"","ping_status":"","sticky":false,"template":"","format":"standard","meta":{"footnotes":"","_share_on_mastodon":"0"},"categories":[5],"tags":[121,124,128,119,122,123,40,118,136,132,131,133,130,135,120,126,117,125,114,115,116,129,127,41,42,134],"class_list":["post-291119","post","type-post","status-publish","format-standard","has-post-thumbnail","category-international","tag-ajoie","tag-animation","tag-bienne","tag-delemont","tag-franches-montagnes","tag-frequence","tag-international","tag-jura","tag-jura-bernois","tag-la-chaux-de-fonds","tag-moutier","tag-neuchatel","tag-neuveville","tag-payerne","tag-porrentruy","tag-publicite","tag-radio","tag-redaction","tag-rfj","tag-rjb","tag-rtn","tag-tavannes","tag-vallon-de-st-imier","tag-world","tag-world-news","tag-yverdon"],"share_on_mastodon":{"url":"https:\/\/pubeurope.com\/@ch_fr\/117211677777929552","error":""},"_links":{"self":[{"href":"https:\/\/www.europesays.com\/ch-fr\/wp-json\/wp\/v2\/posts\/291119","targetHints":{"allow":["GET"]}}],"collection":[{"href":"https:\/\/www.europesays.com\/ch-fr\/wp-json\/wp\/v2\/posts"}],"about":[{"href":"https:\/\/www.europesays.com\/ch-fr\/wp-json\/wp\/v2\/types\/post"}],"author":[{"embeddable":true,"href":"https:\/\/www.europesays.com\/ch-fr\/wp-json\/wp\/v2\/users\/2"}],"replies":[{"embeddable":true,"href":"https:\/\/www.europesays.com\/ch-fr\/wp-json\/wp\/v2\/comments?post=291119"}],"version-history":[{"count":0,"href":"https:\/\/www.europesays.com\/ch-fr\/wp-json\/wp\/v2\/posts\/291119\/revisions"}],"wp:featuredmedia":[{"embeddable":true,"href":"https:\/\/www.europesays.com\/ch-fr\/wp-json\/wp\/v2\/media\/291120"}],"wp:attachment":[{"href":"https:\/\/www.europesays.com\/ch-fr\/wp-json\/wp\/v2\/media?parent=291119"}],"wp:term":[{"taxonomy":"category","embeddable":true,"href":"https:\/\/www.europesays.com\/ch-fr\/wp-json\/wp\/v2\/categories?post=291119"},{"taxonomy":"post_tag","embeddable":true,"href":"https:\/\/www.europesays.com\/ch-fr\/wp-json\/wp\/v2\/tags?post=291119"}],"curies":[{"name":"wp","href":"https:\/\/api.w.org\/{rel}","templated":true}]}}